{"id":24927,"date":"2025-08-22T09:20:30","date_gmt":"2025-08-22T13:20:30","guid":{"rendered":"https:\/\/guayoyo24.com\/website\/?p=24927"},"modified":"2025-08-22T10:22:47","modified_gmt":"2025-08-22T14:22:47","slug":"venezuela-comparte-avances-de-la-proteccion-ambiental-en-cumbre-amazonica","status":"publish","type":"post","link":"https:\/\/guayoyo24.com\/website\/2025\/08\/22\/venezuela-comparte-avances-de-la-proteccion-ambiental-en-cumbre-amazonica\/","title":{"rendered":"Venezuela comparte avances de la protecci\u00f3n ambiental en Cumbre Amaz\u00f3nica"},"content":{"rendered":"<div class=\"td_block_wrap tdb_single_content tdi_110 td-pb-border-top td_block_template_1 td-post-content tagdiv-type\" data-td-block-uid=\"tdi_110\">\n<div class=\"tdb-block-inner td-fix-index\">\n<p>El ministro para el Ecosocialismo, Ricardo Molinastamos, present\u00f3 los avances concretos de la Gran Misi\u00f3n Madre Tierra Venezuela y sus 7 v\u00e9rtices, en la\u00a0<a href=\"https:\/\/ultimasnoticias.com.ve\/mas-vida\/venezuela-participa-en-cumbre-de-paises-amazonicos\/\" target=\"_blank\" rel=\"noopener\">Cumbre de Pa\u00edses Amaz\u00f3nicos\u00a0<\/a>que se lleva a cabo en Bogot\u00e1.<\/p>\n<p>Molina, se\u00f1al\u00f3 que la naci\u00f3n adem\u00e1s de resguardar la Amazon\u00eda, tambi\u00e9n combate a los grupos ilegales de la miner\u00eda y deforestaci\u00f3n, as\u00ed como alertas y prestos ante incendios forestales.<\/p>\n<p>En tal sentido, agreg\u00f3 que Venezuela se mantiene activa en el \u00abPlan Nacional de Reforestaci\u00f3n\u00bb en conjunto con la incorporaci\u00f3n activa de los movimientos sociales, ecologistas, ambientalistas, ecosocialistas, cient\u00edficos, expertos en el \u00e1rea, comunidades ind\u00edgenas, Comunas, Consejos Ecosocialistas y el Poder Popular organizado.<\/p>\n<p>\u00abEs decir, damos cumplimiento de orden a lo contemplado en los principios de la Organizaci\u00f3n del Tratado de Cooperaci\u00f3n Amaz\u00f3nica (OTCA)\u00bb, escribi\u00f3 en un post de su cuenta Instagram.<\/p>\n<figure class=\"wp-block-embed is-type-rich is-provider-instagram wp-block-embed-instagram\">\n<div class=\"wp-block-embed__wrapper\"><iframe id=\"instagram-embed-0\" class=\"instagram-media instagram-media-rendered\" src=\"https:\/\/www.instagram.com\/reel\/DNomFLLIs9E\/embed\/captioned\/?cr=1&amp;v=14&amp;wp=658&amp;rd=https%3A%2F%2Fultimasnoticias.com.ve&amp;rp=%2Fgeneral%2Fvenezuela-comparte-avances-de-la-proteccion-ambiental-en-cumbre-amazonica%2F#%7B%22ci%22%3A0%2C%22os%22%3A3867.7000000001863%7D\" height=\"1539\" frameborder=\"0\" scrolling=\"no\" allowfullscreen=\"allowfullscreen\" data-instgrm-payload-id=\"instagram-media-payload-0\" data-mce-fragment=\"1\"><\/iframe><\/div>\n<\/figure>\n<h2 class=\"wp-block-heading\">Invitaci\u00f3n al Congreso de la Madre Tierra<\/h2>\n<p>El titular de la cartera de Ecosocialismo anunci\u00f3 que del 8 al 10 de octubre se realizar\u00e1 en Caracas el Congreso Mundial en Defensa de la Madre Tierra.<\/p>\n<p>Explic\u00f3 que pr\u00f3ximamente informar\u00e1 las fechas para el proceso de inscripci\u00f3n de los participantes que asistan a la actividad.<\/p>\n<p>El Congreso Mundial ser\u00e1 un encuentro cient\u00edfico y popular, en el que est\u00e1n invitados movimientos sociales y ambientalistas, lo que permitir\u00e1 debatir con las diversas visiones, los derechos de la Madre Tierra, la protecci\u00f3n de las aguas, el derecho de los pueblos de satisfacer necesidades humanas con equidad y el respeto por la naturaleza.<\/p>\n<figure class=\"wp-block-video\"><video src=\"https:\/\/ultimasnoticias.com.ve\/wp-content\/uploads\/2025\/08\/WhatsApp-Video-2025-08-22-at-9.20.19-AM.mp4\" controls=\"controls\" width=\"300\" height=\"150\" data-mce-fragment=\"1\"><\/video><\/figure>\n<\/div>\n<\/div>\n<div class=\"td_block_wrap tdb_single_comments tdi_112 tdb-comm-layout2 td-pb-border-top td_block_template_1\" data-td-block-uid=\"tdi_112\">\n<div class=\"tdb-block-inner td-fix-index\">\n<div id=\"comments\" class=\"comments\">\n<div id=\"respond\" class=\"comment-respond\"><\/div>\n<\/div>\n<\/div>\n<\/div>\n","protected":false},"excerpt":{"rendered":"<p>El ministro para el Ecosocialismo, Ricardo Molinastamos, present\u00f3 los avances concretos de la Gran Misi\u00f3n Madre Tierra Venezuela y sus 7 v\u00e9rtices, en la\u00a0Cumbre de Pa\u00edses Amaz\u00f3nicos\u00a0que se lleva a cabo en Bogot\u00e1. Molina, se\u00f1al\u00f3 que la naci\u00f3n adem\u00e1s de resguardar la Amazon\u00eda, tambi\u00e9n combate a los grupos ilegales de la miner\u00eda y deforestaci\u00f3n, as\u00ed &hellip;<\/p>\n","protected":false},"author":1,"featured_media":24928,"comment_status":"open","ping_status":"open","sticky":false,"template":"","format":"standard","meta":{"_eb_attr":"","_jetpack_memberships_contains_paid_content":false,"footnotes":""},"categories":[26],"tags":[],"class_list":["post-24927","post","type-post","status-publish","format-standard","has-post-thumbnail","hentry","category-nacionales"],"jetpack_sharing_enabled":true,"jetpack_featured_media_url":"https:\/\/guayoyo24.com\/website\/wp-content\/uploads\/2025\/08\/335f4b30-0b31-4356-81a9-1847f4aa.jpg","_links":{"self":[{"href":"https:\/\/guayoyo24.com\/website\/wp-json\/wp\/v2\/posts\/24927","targetHints":{"allow":["GET"]}}],"collection":[{"href":"https:\/\/guayoyo24.com\/website\/wp-json\/wp\/v2\/posts"}],"about":[{"href":"https:\/\/guayoyo24.com\/website\/wp-json\/wp\/v2\/types\/post"}],"author":[{"embeddable":true,"href":"https:\/\/guayoyo24.com\/website\/wp-json\/wp\/v2\/users\/1"}],"replies":[{"embeddable":true,"href":"https:\/\/guayoyo24.com\/website\/wp-json\/wp\/v2\/comments?post=24927"}],"version-history":[{"count":1,"href":"https:\/\/guayoyo24.com\/website\/wp-json\/wp\/v2\/posts\/24927\/revisions"}],"predecessor-version":[{"id":24929,"href":"https:\/\/guayoyo24.com\/website\/wp-json\/wp\/v2\/posts\/24927\/revisions\/24929"}],"wp:featuredmedia":[{"embeddable":true,"href":"https:\/\/guayoyo24.com\/website\/wp-json\/wp\/v2\/media\/24928"}],"wp:attachment":[{"href":"https:\/\/guayoyo24.com\/website\/wp-json\/wp\/v2\/media?parent=24927"}],"wp:term":[{"taxonomy":"category","embeddable":true,"href":"https:\/\/guayoyo24.com\/website\/wp-json\/wp\/v2\/categories?post=24927"},{"taxonomy":"post_tag","embeddable":true,"href":"https:\/\/guayoyo24.com\/website\/wp-json\/wp\/v2\/tags?post=24927"}],"curies":[{"name":"wp","href":"https:\/\/api.w.org\/{rel}","templated":true}]}}