{"id":25141,"date":"2025-08-29T08:28:22","date_gmt":"2025-08-29T12:28:22","guid":{"rendered":"https:\/\/guayoyo24.com\/website\/?p=25141"},"modified":"2025-08-29T08:28:22","modified_gmt":"2025-08-29T12:28:22","slug":"mincyt-promueve-ciencia-y-tecnologia-en-portuguesa-con-encuentros-formativos-en-septiembre","status":"publish","type":"post","link":"https:\/\/guayoyo24.com\/website\/2025\/08\/29\/mincyt-promueve-ciencia-y-tecnologia-en-portuguesa-con-encuentros-formativos-en-septiembre\/","title":{"rendered":"Mincyt promueve ciencia y tecnolog\u00eda en Portuguesa con encuentros formativos en septiembre"},"content":{"rendered":"<p style=\"text-align: justify;\"><strong>Fundacite.-<\/strong><\/p>\n<p style=\"text-align: justify;\">El Ministerio del Poder Popular para Ciencia y Tecnolog\u00eda (Mincyt) realizar\u00e1, durante el mes de septiembre, una serie de actividades formativas en Portuguesa, con la finalidad de fortalecer el conocimiento cient\u00edfico, tecnol\u00f3gico y productivo de la regi\u00f3n.<\/p>\n<p style=\"text-align: justify;\">La programaci\u00f3n incluye un encuentro de investigadores, un taller sobre producci\u00f3n agroecol\u00f3gica y un foro sobre semillas transg\u00e9nicas, buscando la integraci\u00f3n de diversos actores para el desarrollo local.<\/p>\n<p style=\"text-align: justify;\">El I Encuentro de Investigadores e Investigadoras de Portuguesa es uno de los m\u00e1s destacados y se celebrar\u00e1 los d\u00edas 23 y 24 de septiembre en el auditorio del antiguo Convento San Francisco en Guanare, a partir de las 8 de la ma\u00f1ana.<\/p>\n<p style=\"text-align: justify;\">Este evento est\u00e1 dise\u00f1ado como un espacio de encuentro y expoferia para investigadores, innovadores, creadores y actores del circuito comunal e institucional.<\/p>\n<p style=\"text-align: justify;\">Durante el evento se abordar\u00e1n seis l\u00edneas de investigaci\u00f3n prioritarias para el estado: la generaci\u00f3n de conocimiento cient\u00edfico, tecnol\u00f3gico e innovaci\u00f3n; el desarrollo cient\u00edfico para la producci\u00f3n; la formaci\u00f3n de talento humano e integraci\u00f3n social; la lucha contra el cambio clim\u00e1tico vinculado a la sexta transformaci\u00f3n; la independencia tecnol\u00f3gica, y la cooperaci\u00f3n internacional.<\/p>\n<p style=\"text-align: justify;\">Para impulsar la soberan\u00eda agroalimentaria, el Mincyt, a trav\u00e9s de la Fundaci\u00f3n para el Desarrollo de la Ciencia y la Tecnolog\u00eda (Fundacite), ha programado dos actividades virtuales.<\/p>\n<p style=\"text-align: justify;\">El lunes 1 de septiembre se realizar\u00e1 el taller Producci\u00f3n agroecol\u00f3gica de semillas, dirigido a productores, campesinos e instituciones beneficiarias del Plan de Fortalecimiento Cient\u00edfico Tecnol\u00f3gico del Sistema Agroalimentario de Ma\u00edz.<\/p>\n<p style=\"text-align: justify;\">Este taller, que se impartir\u00e1 a las 8:30 de la ma\u00f1ana a trav\u00e9s de la plataforma Google Meet, busca capacitar en pr\u00e1cticas sostenibles que contribuyan a la autosuficiencia en la producci\u00f3n de semillas.<\/p>\n<p style=\"text-align: justify;\">Adem\u00e1s, el 19 de septiembre se realizar\u00e1 el foro Realidad y perspectivas sobre semillas transg\u00e9nicas en Portuguesa. Este evento virtual, que se desarrollar\u00e1 de 8:00 de la ma\u00f1ana a 3:30 de la tarde, ofrecer\u00e1 un espacio de di\u00e1logo para investigadores, productores y organizaciones sociales sobre el uso y los efectos de las semillas transg\u00e9nicas.<\/p>\n<p style=\"text-align: justify;\">Los ejes tem\u00e1ticos del foro ser\u00e1n la defensa de las semillas locales, ind\u00edgenas, campesinas y afrodescendientes, as\u00ed como los desaf\u00edos actuales en el contexto de la crisis clim\u00e1tica.<\/p>\n<p style=\"text-align: justify;\">Estas jornadas forman parte de la Gran Misi\u00f3n Ciencia, Tecnolog\u00eda e Innovaci\u00f3n Dr. Humberto Fern\u00e1ndez-Mor\u00e1n que establece la capacitaci\u00f3n y el resguardo del talento cient\u00edfico nacional.<\/p>\n","protected":false},"excerpt":{"rendered":"<p>Fundacite.- El Ministerio del Poder Popular para Ciencia y Tecnolog\u00eda (Mincyt) realizar\u00e1, durante el mes de septiembre, una serie de actividades formativas en Portuguesa, con la finalidad de fortalecer el conocimiento cient\u00edfico, tecnol\u00f3gico y productivo de la regi\u00f3n. La programaci\u00f3n incluye un encuentro de investigadores, un taller sobre producci\u00f3n agroecol\u00f3gica y un foro sobre semillas &hellip;<\/p>\n","protected":false},"author":1,"featured_media":25142,"comment_status":"open","ping_status":"open","sticky":false,"template":"","format":"standard","meta":{"_eb_attr":"","_jetpack_memberships_contains_paid_content":false,"footnotes":""},"categories":[25],"tags":[],"class_list":["post-25141","post","type-post","status-publish","format-standard","has-post-thumbnail","hentry","category-region"],"jetpack_sharing_enabled":true,"jetpack_featured_media_url":"https:\/\/guayoyo24.com\/website\/wp-content\/uploads\/2025\/08\/WhatsApp-Image-2025-08-29-at-7.59.47-AM.jpeg","_links":{"self":[{"href":"https:\/\/guayoyo24.com\/website\/wp-json\/wp\/v2\/posts\/25141","targetHints":{"allow":["GET"]}}],"collection":[{"href":"https:\/\/guayoyo24.com\/website\/wp-json\/wp\/v2\/posts"}],"about":[{"href":"https:\/\/guayoyo24.com\/website\/wp-json\/wp\/v2\/types\/post"}],"author":[{"embeddable":true,"href":"https:\/\/guayoyo24.com\/website\/wp-json\/wp\/v2\/users\/1"}],"replies":[{"embeddable":true,"href":"https:\/\/guayoyo24.com\/website\/wp-json\/wp\/v2\/comments?post=25141"}],"version-history":[{"count":1,"href":"https:\/\/guayoyo24.com\/website\/wp-json\/wp\/v2\/posts\/25141\/revisions"}],"predecessor-version":[{"id":25143,"href":"https:\/\/guayoyo24.com\/website\/wp-json\/wp\/v2\/posts\/25141\/revisions\/25143"}],"wp:featuredmedia":[{"embeddable":true,"href":"https:\/\/guayoyo24.com\/website\/wp-json\/wp\/v2\/media\/25142"}],"wp:attachment":[{"href":"https:\/\/guayoyo24.com\/website\/wp-json\/wp\/v2\/media?parent=25141"}],"wp:term":[{"taxonomy":"category","embeddable":true,"href":"https:\/\/guayoyo24.com\/website\/wp-json\/wp\/v2\/categories?post=25141"},{"taxonomy":"post_tag","embeddable":true,"href":"https:\/\/guayoyo24.com\/website\/wp-json\/wp\/v2\/tags?post=25141"}],"curies":[{"name":"wp","href":"https:\/\/api.w.org\/{rel}","templated":true}]}}