{"id":25305,"date":"2025-09-09T07:58:15","date_gmt":"2025-09-09T11:58:15","guid":{"rendered":"https:\/\/guayoyo24.com\/website\/?p=25305"},"modified":"2025-09-09T07:58:30","modified_gmt":"2025-09-09T11:58:30","slug":"nuncio-apostolico-llama-a-la-paz-y-esperanza-en-misa-a-la-virgen-del-valle","status":"publish","type":"post","link":"https:\/\/guayoyo24.com\/website\/2025\/09\/09\/nuncio-apostolico-llama-a-la-paz-y-esperanza-en-misa-a-la-virgen-del-valle\/","title":{"rendered":"Nuncio Apost\u00f3lico llama a la paz y esperanza en misa a la Virgen del Valle"},"content":{"rendered":"<div id=\"cuerpo\" class=\"note-text\">\n<p>Devotos de Nuestra Se\u00f1ora del Valle, patrona del Oriente venezolano, de los pescadores y de la Armada Nacional Bolivariana, celebraron como cada 8 de septiembre su Natividad, presidiendo este a\u00f1o la misa central el Nuncio Apost\u00f3lico, Monse\u00f1or Alberto Ortega Mart\u00edn, representante del Papa Le\u00f3n XIV en Venezuela.<\/p>\n<p>La solemne eucarist\u00eda concelebrada inici\u00f3 a las 8:00 de la ma\u00f1ana, en presencia de Monse\u00f1or Ra\u00fal Biord, arzobispo de Caracas; Monse\u00f1or Fernando Castro Aguayo, obispo de la Di\u00f3cesis de Margarita y clero en pleno y miles de feligreses.<\/p>\n<div class=\"ngb_box\" style=\"text-align: justify;\">\n<div id=\"ngb_si1152\" class=\"ngb_ad ngb_si\" data-id=\"1152\"><\/div>\n<\/div>\n<p>Por parte de las autoridades civiles, la secretaria general de Gobierno, Aquielis Rojas, asisti\u00f3 a la significativa actividad religiosa acompa\u00f1ada del viceministro de Instituciones Religiosas y Culto, Edgar Arteaga, adem\u00e1s de directores de la Gobernaci\u00f3n y legisladores regionales.<\/p>\n<p>En la homil\u00eda, el embajador de la Santa Sede se\u00f1al\u00f3 la importancia de la paz y la esperanza, transmitiendo as\u00ed el mensaje del Papa Le\u00f3n XIV y recordando adem\u00e1s al Santo Padre Francisco, agradeciendo su legado y la defensa y difusi\u00f3n del evangelio.<\/p>\n<p>Monse\u00f1or Ortega Martin tambi\u00e9n destac\u00f3 las buenas noticias para el pueblo con la canonizaci\u00f3n del doctor Jos\u00e9 Gregorio Hern\u00e1ndez y la madre Carmen Rendiles, siendo los primeros santos venezolanos en recibir este reconocimiento.<\/p>\n<div class=\"ngb_box\" style=\"text-align: justify;\">\n<div id=\"ngb_si1155\" class=\"ngb_ad ngb_si\" data-id=\"1155\"><\/div>\n<\/div>\n<p>Las festividades de la Virgen del Valle son una tradici\u00f3n nacional que, celebra a su vez, los valores de la comunidad, el fervor y devoci\u00f3n de la fe cat\u00f3lica. Este a\u00f1o el lema principal fue \u201cMar\u00eda, Dulce Esperanza\u201d, que constituye un llamado a la uni\u00f3n y reconciliaci\u00f3n.<\/p>\n<p>Los fieles, la mayor\u00eda con camisetas simb\u00f3licas a la patrona de los pescadores, llenaron cada rinc\u00f3n del Campo Eucar\u00edstico y sus alrededores, creando un ambiente de alegr\u00eda y devoci\u00f3n.<\/p>\n<div style=\"text-align: justify;\"><\/div>\n<div style=\"text-align: justify;\"><img decoding=\"async\" src=\"https:\/\/mmedia.eluniversal.com\/20339\/virgen-del-valle-2jpg-183357.jpg\" \/><\/div>\n<\/div>\n","protected":false},"excerpt":{"rendered":"<p>Devotos de Nuestra Se\u00f1ora del Valle, patrona del Oriente venezolano, de los pescadores y de la Armada Nacional Bolivariana, celebraron como cada 8 de septiembre su Natividad, presidiendo este a\u00f1o la misa central el Nuncio Apost\u00f3lico, Monse\u00f1or Alberto Ortega Mart\u00edn, representante del Papa Le\u00f3n XIV en Venezuela. La solemne eucarist\u00eda concelebrada inici\u00f3 a las 8:00 &hellip;<\/p>\n","protected":false},"author":1,"featured_media":25306,"comment_status":"open","ping_status":"open","sticky":false,"template":"","format":"standard","meta":{"_eb_attr":"","_jetpack_memberships_contains_paid_content":false,"footnotes":""},"categories":[26],"tags":[],"class_list":["post-25305","post","type-post","status-publish","format-standard","has-post-thumbnail","hentry","category-nacionales"],"jetpack_sharing_enabled":true,"jetpack_featured_media_url":"https:\/\/guayoyo24.com\/website\/wp-content\/uploads\/2025\/09\/virgen-del-valle1jpg-183358.jpg","_links":{"self":[{"href":"https:\/\/guayoyo24.com\/website\/wp-json\/wp\/v2\/posts\/25305","targetHints":{"allow":["GET"]}}],"collection":[{"href":"https:\/\/guayoyo24.com\/website\/wp-json\/wp\/v2\/posts"}],"about":[{"href":"https:\/\/guayoyo24.com\/website\/wp-json\/wp\/v2\/types\/post"}],"author":[{"embeddable":true,"href":"https:\/\/guayoyo24.com\/website\/wp-json\/wp\/v2\/users\/1"}],"replies":[{"embeddable":true,"href":"https:\/\/guayoyo24.com\/website\/wp-json\/wp\/v2\/comments?post=25305"}],"version-history":[{"count":2,"href":"https:\/\/guayoyo24.com\/website\/wp-json\/wp\/v2\/posts\/25305\/revisions"}],"predecessor-version":[{"id":25308,"href":"https:\/\/guayoyo24.com\/website\/wp-json\/wp\/v2\/posts\/25305\/revisions\/25308"}],"wp:featuredmedia":[{"embeddable":true,"href":"https:\/\/guayoyo24.com\/website\/wp-json\/wp\/v2\/media\/25306"}],"wp:attachment":[{"href":"https:\/\/guayoyo24.com\/website\/wp-json\/wp\/v2\/media?parent=25305"}],"wp:term":[{"taxonomy":"category","embeddable":true,"href":"https:\/\/guayoyo24.com\/website\/wp-json\/wp\/v2\/categories?post=25305"},{"taxonomy":"post_tag","embeddable":true,"href":"https:\/\/guayoyo24.com\/website\/wp-json\/wp\/v2\/tags?post=25305"}],"curies":[{"name":"wp","href":"https:\/\/api.w.org\/{rel}","templated":true}]}}