{"id":25531,"date":"2025-09-16T10:17:30","date_gmt":"2025-09-16T14:17:30","guid":{"rendered":"https:\/\/guayoyo24.com\/website\/?p=25531"},"modified":"2025-09-16T10:17:30","modified_gmt":"2025-09-16T14:17:30","slug":"venezuela-confirma-operacion-naval-coordinada-con-paises-bajos","status":"publish","type":"post","link":"https:\/\/guayoyo24.com\/website\/2025\/09\/16\/venezuela-confirma-operacion-naval-coordinada-con-paises-bajos\/","title":{"rendered":"Venezuela confirma operaci\u00f3n naval coordinada con Pa\u00edses Bajos"},"content":{"rendered":"<h6><strong>Venezuela dio a conocer que, el domingo 14 de septiembre \u00abse registr\u00f3 la navegaci\u00f3n de la Fragata \u201cZR. MS. Van Amstel\u201d (F831) de la Armada del Reino de los Pa\u00edses Bajos en aguas adyacentes a la Zona Econ\u00f3mica Exclusiva de Venezuela, frente a la Isla La Orchila\u00bb.<\/strong><\/h6>\n<p>A trav\u00e9s de un comunicado difundido este lunes 15 de septiembre por el canciller Yv\u00e1n Gil, el Gobierno nacional se\u00f1al\u00f3 que esta operaci\u00f3n se desarroll\u00f3 de manera exitosa \u00abgracias a las coordinaciones realizadas a trav\u00e9s de los canales diplom\u00e1ticos con el Reino de los Pa\u00edses Bajos en estricto cumplimiento de los protocolos internacionales y acuerdos bilaterales vigentes, lo que garantiz\u00f3 un clima de confianza mutua y plena transparencia\u00bb.<\/p>\n<div class=\"code-block code-block-3\">\n<div class=\"code-block code-block-4\">El lunes 15 de septiembre en rueda de prensa con medios nacionales e internacionales, el Jefe de Estado, Nicol\u00e1s Maduro reflexion\u00f3 sobre el funcionamiento de la Zona Econ\u00f3mica Exclusiva del pa\u00eds, en la que siempre ha habido una buena relaci\u00f3n con pa\u00edses vecinos. \u00abEl \u00fanico que ignora esos compromisos, no solo con Venezuela sino con el mundo entero, es Estados Unidos\u00bb.<\/div>\n<\/div>\n<div class=\"code-block code-block-1\">\n<div id=\"div-gpt-ad-1678065894427-0\"><\/div>\n<\/div>\n<p><strong>A continuaci\u00f3n texto \u00edntegro<\/strong><\/p>\n<p>La Rep\u00fablica Bolivariana de Venezuela informa que, el d\u00eda 14 de septiembre de 2025, se registr\u00f3 la navegaci\u00f3n de la Fragata \u201cZR. MS. Van Amstel\u201d (F831) de la Armada del Reino de los Pa\u00edses Bajos en aguas adyacentes a la Zona Econ\u00f3mica Exclusiva de Venezuela, frente a la Isla La Orchila.<\/p>\n<p>Esta operaci\u00f3n se desarroll\u00f3 de manera exitosa gracias a las coordinaciones realizadas a trav\u00e9s de los canales diplom\u00e1ticos con el Reino de los Pa\u00edses Bajos, en estricto cumplimiento de los protocolos internacionales y acuerdos bilaterales vigentes, lo que garantiz\u00f3 un clima de confianza mutua y plena transparencia.<\/p>\n<p>La Rep\u00fablica Bolivariana de Venezuela reitera que la lucha contra la delincuencia organizada y el narcotr\u00e1fico transnacional exige el mayor compromiso de la comunidad internacional, siempre en el marco del respeto a la ley, la soberan\u00eda y el Derecho Internacional, as\u00ed como en el fortalecimiento de la cooperaci\u00f3n multilateral para garantizar la paz y la seguridad regional.<\/p>\n<h6><\/h6>\n<p><strong>Caracas, 15 de septiembre de 2025<\/strong><\/p>\n<figure class=\"wp-block-embed is-type-rich is-provider-instagram wp-block-embed-instagram\">\n<div class=\"wp-block-embed__wrapper\"><iframe id=\"instagram-embed-0\" class=\"instagram-media instagram-media-rendered\" src=\"https:\/\/www.instagram.com\/p\/DOo_wPaCctk\/embed\/captioned\/?cr=1&amp;v=14&amp;wp=640&amp;rd=https%3A%2F%2Fdiariovea.com.ve&amp;rp=%2Fvenezuela-y-paises-bajos-coordinaron-operacion-naval-en-aguas-cercanas-a-la-orchila%2F#%7B%22ci%22%3A0%2C%22os%22%3A2204.5%7D\" height=\"1230\" frameborder=\"0\" scrolling=\"no\" allowfullscreen=\"allowfullscreen\" data-instgrm-payload-id=\"instagram-media-payload-0\" data-mce-fragment=\"1\"><\/iframe><\/div>\n<div>\n<h6><strong>Cactus24<\/strong><\/h6>\n<\/div>\n<\/figure>\n","protected":false},"excerpt":{"rendered":"<p>Venezuela dio a conocer que, el domingo 14 de septiembre \u00abse registr\u00f3 la navegaci\u00f3n de la Fragata \u201cZR. MS. Van Amstel\u201d (F831) de la Armada del Reino de los Pa\u00edses Bajos en aguas adyacentes a la Zona Econ\u00f3mica Exclusiva de Venezuela, frente a la Isla La Orchila\u00bb. A trav\u00e9s de un comunicado difundido este lunes &hellip;<\/p>\n","protected":false},"author":1,"featured_media":25532,"comment_status":"open","ping_status":"open","sticky":false,"template":"","format":"standard","meta":{"_eb_attr":"","_jetpack_memberships_contains_paid_content":false,"footnotes":""},"categories":[26],"tags":[],"class_list":["post-25531","post","type-post","status-publish","format-standard","has-post-thumbnail","hentry","category-nacionales"],"jetpack_sharing_enabled":true,"jetpack_featured_media_url":"https:\/\/guayoyo24.com\/website\/wp-content\/uploads\/2025\/09\/1-85-696x456-1.png","_links":{"self":[{"href":"https:\/\/guayoyo24.com\/website\/wp-json\/wp\/v2\/posts\/25531","targetHints":{"allow":["GET"]}}],"collection":[{"href":"https:\/\/guayoyo24.com\/website\/wp-json\/wp\/v2\/posts"}],"about":[{"href":"https:\/\/guayoyo24.com\/website\/wp-json\/wp\/v2\/types\/post"}],"author":[{"embeddable":true,"href":"https:\/\/guayoyo24.com\/website\/wp-json\/wp\/v2\/users\/1"}],"replies":[{"embeddable":true,"href":"https:\/\/guayoyo24.com\/website\/wp-json\/wp\/v2\/comments?post=25531"}],"version-history":[{"count":1,"href":"https:\/\/guayoyo24.com\/website\/wp-json\/wp\/v2\/posts\/25531\/revisions"}],"predecessor-version":[{"id":25533,"href":"https:\/\/guayoyo24.com\/website\/wp-json\/wp\/v2\/posts\/25531\/revisions\/25533"}],"wp:featuredmedia":[{"embeddable":true,"href":"https:\/\/guayoyo24.com\/website\/wp-json\/wp\/v2\/media\/25532"}],"wp:attachment":[{"href":"https:\/\/guayoyo24.com\/website\/wp-json\/wp\/v2\/media?parent=25531"}],"wp:term":[{"taxonomy":"category","embeddable":true,"href":"https:\/\/guayoyo24.com\/website\/wp-json\/wp\/v2\/categories?post=25531"},{"taxonomy":"post_tag","embeddable":true,"href":"https:\/\/guayoyo24.com\/website\/wp-json\/wp\/v2\/tags?post=25531"}],"curies":[{"name":"wp","href":"https:\/\/api.w.org\/{rel}","templated":true}]}}