{"id":25697,"date":"2025-09-20T13:39:06","date_gmt":"2025-09-20T17:39:06","guid":{"rendered":"https:\/\/guayoyo24.com\/website\/?p=25697"},"modified":"2025-09-20T13:39:06","modified_gmt":"2025-09-20T17:39:06","slug":"corte-constitucional-de-ecuador-suspende-decreto-presidencial-sobre-asamblea-constituyente","status":"publish","type":"post","link":"https:\/\/guayoyo24.com\/website\/2025\/09\/20\/corte-constitucional-de-ecuador-suspende-decreto-presidencial-sobre-asamblea-constituyente\/","title":{"rendered":"Corte Constitucional de Ecuador suspende decreto presidencial sobre Asamblea Constituyente"},"content":{"rendered":"<p>La\u00a0<b>Corte Constitucional de Ecuador<\/b>\u00a0suspendi\u00f3 de manera provisional los efectos del\u00a0<b>Decreto 148\u00a0<\/b>emitido el viernes por el presidente, Daniel Noboa, a trav\u00e9s del cual convoc\u00f3 a una consulta popular para instalar una Asamblea Constituyente en el pa\u00eds sudamericano, inform\u00f3 hoy s\u00e1bado la prensa local.<\/p>\n<p>La Corte emiti\u00f3 un comunicado hacia la medianoche del viernes en el que dio a conocer su decisi\u00f3n, tras admitir a tr\u00e1mite cinco demandas de inconstitucionalidad presentadas en contra del Decreto 148 y\u00a0<b>aceptar la solicitud de medidas cautelares.<\/b><\/p>\n<p>Esto implica la suspensi\u00f3n provisional de los efectos del citado decreto mientras se resuelven las demandas.<\/p>\n<p>La decisi\u00f3n del m\u00e1ximo tribunal se produjo pocas horas despu\u00e9s de que el presidente Noboa expidiera el documento, sin requerir un dictamen previo de la Corte Constitucional, como exige la legislaci\u00f3n ecuatoriana.<\/p>\n<p>\u00abEstas medidas cautelares son provisionales y una muestra del compromiso de asegurar que cualquier propuesta de reforma o cambio constitucional siga los procedimientos que la Norma Suprema establece, de manera que la voluntad popular se exprese de forma libre, informada y dentro de la ley\u00bb, indic\u00f3 la Corte.<\/p>\n<p>En ese sentido, precis\u00f3 que\u00a0<b>\u00abeste proceso se puede subsanar respetando el procedimiento previsto en la Constituci\u00f3n\u00bb.<\/b><\/p>\n<p>La decisi\u00f3n de la Corte se produjo, adem\u00e1s, a las puertas de que el Consejo Nacional Electoral (CNE) se re\u00fana este s\u00e1bado con el objetivo de declarar el inicio del proceso electoral.<\/p>\n<div><\/div>\n<div><b>Fuente: Xinhua<\/b><\/div>\n","protected":false},"excerpt":{"rendered":"<p>La\u00a0Corte Constitucional de Ecuador\u00a0suspendi\u00f3 de manera provisional los efectos del\u00a0Decreto 148\u00a0emitido el viernes por el presidente, Daniel Noboa, a trav\u00e9s del cual convoc\u00f3 a una consulta popular para instalar una Asamblea Constituyente en el pa\u00eds sudamericano, inform\u00f3 hoy s\u00e1bado la prensa local. La Corte emiti\u00f3 un comunicado hacia la medianoche del viernes en el que &hellip;<\/p>\n","protected":false},"author":1,"featured_media":25698,"comment_status":"open","ping_status":"open","sticky":false,"template":"","format":"standard","meta":{"_eb_attr":"","_jetpack_memberships_contains_paid_content":false,"footnotes":""},"categories":[28],"tags":[],"class_list":["post-25697","post","type-post","status-publish","format-standard","has-post-thumbnail","hentry","category-mundo"],"jetpack_sharing_enabled":true,"jetpack_featured_media_url":"https:\/\/guayoyo24.com\/website\/wp-content\/uploads\/2025\/09\/corte-constitucional-del-ecuador.jpg","_links":{"self":[{"href":"https:\/\/guayoyo24.com\/website\/wp-json\/wp\/v2\/posts\/25697","targetHints":{"allow":["GET"]}}],"collection":[{"href":"https:\/\/guayoyo24.com\/website\/wp-json\/wp\/v2\/posts"}],"about":[{"href":"https:\/\/guayoyo24.com\/website\/wp-json\/wp\/v2\/types\/post"}],"author":[{"embeddable":true,"href":"https:\/\/guayoyo24.com\/website\/wp-json\/wp\/v2\/users\/1"}],"replies":[{"embeddable":true,"href":"https:\/\/guayoyo24.com\/website\/wp-json\/wp\/v2\/comments?post=25697"}],"version-history":[{"count":1,"href":"https:\/\/guayoyo24.com\/website\/wp-json\/wp\/v2\/posts\/25697\/revisions"}],"predecessor-version":[{"id":25699,"href":"https:\/\/guayoyo24.com\/website\/wp-json\/wp\/v2\/posts\/25697\/revisions\/25699"}],"wp:featuredmedia":[{"embeddable":true,"href":"https:\/\/guayoyo24.com\/website\/wp-json\/wp\/v2\/media\/25698"}],"wp:attachment":[{"href":"https:\/\/guayoyo24.com\/website\/wp-json\/wp\/v2\/media?parent=25697"}],"wp:term":[{"taxonomy":"category","embeddable":true,"href":"https:\/\/guayoyo24.com\/website\/wp-json\/wp\/v2\/categories?post=25697"},{"taxonomy":"post_tag","embeddable":true,"href":"https:\/\/guayoyo24.com\/website\/wp-json\/wp\/v2\/tags?post=25697"}],"curies":[{"name":"wp","href":"https:\/\/api.w.org\/{rel}","templated":true}]}}