{"id":25934,"date":"2025-10-04T13:25:07","date_gmt":"2025-10-04T17:25:07","guid":{"rendered":"https:\/\/guayoyo24.com\/website\/?p=25934"},"modified":"2025-10-04T13:25:07","modified_gmt":"2025-10-04T17:25:07","slug":"del-29-de-septiembre-al-3-de-noviembre-unellez-celebra-50-anos-de-historia-con-actividades-academicas-culturales-y-deportivas","status":"publish","type":"post","link":"https:\/\/guayoyo24.com\/website\/2025\/10\/04\/del-29-de-septiembre-al-3-de-noviembre-unellez-celebra-50-anos-de-historia-con-actividades-academicas-culturales-y-deportivas\/","title":{"rendered":"Del 29 de septiembre al 3 de noviembre: Unellez celebra 50 a\u00f1os de historia con actividades acad\u00e9micas, culturales y deportivas"},"content":{"rendered":"<p>&nbsp;<\/p>\n<p>Cecap VPA, Yanira D\u00edaz.\u2013<\/p>\n<p>La Universidad Nacional Experimental de los Llanos Occidentales \u00abEzequiel Zamora\u00bb (Unellez) celebra por todo lo alto su quincuag\u00e9simo aniversario y extiende una cordial invitaci\u00f3n a toda la comunidad portuguese\u00f1a a sumarse a la extensa programaci\u00f3n de actividades conmemorativas.<\/p>\n<p>Desde el pasado 29 de septiembre y hasta el 3 de noviembre, el Vicerrectorado de Producci\u00f3n Agr\u00edcola (VPA) se convierte en un epicentro de celebraci\u00f3n, conocimiento y cultura, en el marco de sus primeros 50 a\u00f1os formando profesionales en la regi\u00f3n.<\/p>\n<p>El amplio calendario comprende m\u00e1s de 50 actividades de \u00edndole acad\u00e9mica, formativa, cultural y deportiva, desarrolladas, tanto en la sede en Guanare como en las extensiones territoriales, conforme a las directrices del rector Pedro Grima y bajo la direcci\u00f3n del vicerrector de \u00e1rea, Jos\u00e9 Baudo, contando adem\u00e1s con el apoyo del gobernador Primitivo Cede\u00f1o.<\/p>\n<p>D\u00eda Central: 7 de Octubre, Corredor Hist\u00f3rico-Cultural: Huellas de medio siglo de la Unellez.<\/p>\n<p>El pr\u00f3ximo martes 7 de octubre, fecha que marca la fundaci\u00f3n de la Unellez, ser\u00e1 el d\u00eda central de la celebraci\u00f3n. Para la ocasi\u00f3n, se ha dise\u00f1ado el \u00abCorredor Hist\u00f3rico-Cultural: Huellas de medio siglo de la Unellez\u00bb, una agenda especial que unir\u00e1 a la comunidad universitaria con la ciudadan\u00eda, gracias a la articulaci\u00f3n con las instituciones adyacentes al antiguo Convento de San Francisco, tales como la Orquesta Sinf\u00f3nica de los Llanos, Ateneo Popular de Guanare, Corporaci\u00f3n Portuguese\u00f1a de Turismo, Museo In\u00e9s Mercedes G\u00f3mez \u00c1lvarez, Instituto de Cultura del estado Portuguesa, Ministerio de Cultura, Teatro Tempo, entre otras.<\/p>\n<p>Las actividades protocolares iniciar\u00e1n a las 8:00 de la ma\u00f1ana con una Ofrenda Ecol\u00f3gica en la Plaza Bol\u00edvar de la capital. Posteriormente, la sede del Vicerrectorado de Producci\u00f3n Agr\u00edcola (VPA) se convertir\u00e1 en el escenario de una jornada memorable que se extender\u00e1 durante todo el d\u00eda.<\/p>\n<p>El componente cultural promete ser un verdadero deleite, con la participaci\u00f3n estelar del ejecutante del cuatro Stalin Novoa y la Banda Oficial de Conciertos del Estado Portuguesa \u00abGeneral Jos\u00e9 Antonio P\u00e1ez\u00bb. La jornada tambi\u00e9n incluir\u00e1 la presentaci\u00f3n del libro \u00abU, U, U, Unellez\u00bb de la profesora Yurima Albarr\u00e1n, una obra que recoge an\u00e9cdotas y vivencias de exalumnos de la \u00abUniversidad que Siembra\u00bb.<\/p>\n<p>El talento guanare\u00f1o brillar\u00e1 con las presentaciones de Danzas Tricolor, Danzas Ateneo Popular de Guanare y el Movimiento de Narraci\u00f3n Oral del estado Portuguesa. El broche de oro para un festejo inolvidable, estar\u00e1 a cargo de la Orquesta Sinf\u00f3nica de los Llanos.<\/p>\n<p>La Unellez, semillero de innumerables profesionales y pilar del desarrollo regional, invita a toda la colectividad a unirse y celebrar estos 50 a\u00f1os de historia.<\/p>\n<p>Para m\u00e1s informaci\u00f3n sobre el cronograma completo de actividades, se invita a consultar las plataformas oficiales de la universidad @vpaunellez en Instagram y @unellez.vpa en Tiktok.<\/p>\n<p><img fetchpriority=\"high\" decoding=\"async\" class=\"alignnone wp-image-25937 size-full\" src=\"https:\/\/guayoyo24.com\/website\/wp-content\/uploads\/2025\/10\/WhatsApp-Image-2025-10-04-at-8.01.11-AM-1.jpeg\" alt=\"\" width=\"500\" height=\"373\" srcset=\"https:\/\/guayoyo24.com\/website\/wp-content\/uploads\/2025\/10\/WhatsApp-Image-2025-10-04-at-8.01.11-AM-1.jpeg 500w, https:\/\/guayoyo24.com\/website\/wp-content\/uploads\/2025\/10\/WhatsApp-Image-2025-10-04-at-8.01.11-AM-1-300x224.jpeg 300w\" sizes=\"(max-width: 500px) 100vw, 500px\" \/><\/p>\n","protected":false},"excerpt":{"rendered":"<p>&nbsp; Cecap VPA, Yanira D\u00edaz.\u2013 La Universidad Nacional Experimental de los Llanos Occidentales \u00abEzequiel Zamora\u00bb (Unellez) celebra por todo lo alto su quincuag\u00e9simo aniversario y extiende una cordial invitaci\u00f3n a toda la comunidad portuguese\u00f1a a sumarse a la extensa programaci\u00f3n de actividades conmemorativas. Desde el pasado 29 de septiembre y hasta el 3 de noviembre, &hellip;<\/p>\n","protected":false},"author":1,"featured_media":25936,"comment_status":"open","ping_status":"open","sticky":false,"template":"","format":"standard","meta":{"_eb_attr":"","_jetpack_memberships_contains_paid_content":false,"footnotes":""},"categories":[25],"tags":[],"class_list":["post-25934","post","type-post","status-publish","format-standard","has-post-thumbnail","hentry","category-region"],"jetpack_sharing_enabled":true,"jetpack_featured_media_url":"https:\/\/guayoyo24.com\/website\/wp-content\/uploads\/2025\/10\/WhatsApp-Image-2025-10-04-at-8.01.10-AM.jpeg","_links":{"self":[{"href":"https:\/\/guayoyo24.com\/website\/wp-json\/wp\/v2\/posts\/25934","targetHints":{"allow":["GET"]}}],"collection":[{"href":"https:\/\/guayoyo24.com\/website\/wp-json\/wp\/v2\/posts"}],"about":[{"href":"https:\/\/guayoyo24.com\/website\/wp-json\/wp\/v2\/types\/post"}],"author":[{"embeddable":true,"href":"https:\/\/guayoyo24.com\/website\/wp-json\/wp\/v2\/users\/1"}],"replies":[{"embeddable":true,"href":"https:\/\/guayoyo24.com\/website\/wp-json\/wp\/v2\/comments?post=25934"}],"version-history":[{"count":1,"href":"https:\/\/guayoyo24.com\/website\/wp-json\/wp\/v2\/posts\/25934\/revisions"}],"predecessor-version":[{"id":25938,"href":"https:\/\/guayoyo24.com\/website\/wp-json\/wp\/v2\/posts\/25934\/revisions\/25938"}],"wp:featuredmedia":[{"embeddable":true,"href":"https:\/\/guayoyo24.com\/website\/wp-json\/wp\/v2\/media\/25936"}],"wp:attachment":[{"href":"https:\/\/guayoyo24.com\/website\/wp-json\/wp\/v2\/media?parent=25934"}],"wp:term":[{"taxonomy":"category","embeddable":true,"href":"https:\/\/guayoyo24.com\/website\/wp-json\/wp\/v2\/categories?post=25934"},{"taxonomy":"post_tag","embeddable":true,"href":"https:\/\/guayoyo24.com\/website\/wp-json\/wp\/v2\/tags?post=25934"}],"curies":[{"name":"wp","href":"https:\/\/api.w.org\/{rel}","templated":true}]}}