{"id":26290,"date":"2025-10-25T09:10:42","date_gmt":"2025-10-25T13:10:42","guid":{"rendered":"https:\/\/guayoyo24.com\/website\/?p=26290"},"modified":"2025-10-25T09:10:42","modified_gmt":"2025-10-25T13:10:42","slug":"ministerio-de-educacion-instala-comision-para-evaluar-impacto-de-las-tareas-escolares","status":"publish","type":"post","link":"https:\/\/guayoyo24.com\/website\/2025\/10\/25\/ministerio-de-educacion-instala-comision-para-evaluar-impacto-de-las-tareas-escolares\/","title":{"rendered":"Ministerio de educaci\u00f3n instala comisi\u00f3n para evaluar impacto de las tareas escolares"},"content":{"rendered":"<p>El ministerio de educaci\u00f3n inform\u00f3 en sus redes sociales que se instal\u00f3 la comisi\u00f3n que evaluar\u00e1 las tareas escolares y buscar\u00e1 transformarlas en una herramienta m\u00e1s efectiva y menos estresante para estudiantes y representantes.<\/p>\n<div class=\"code-block code-block-3\">\n<div class=\"code-block code-block-4\">La iniciativa, que deriv\u00f3 de la convocatoria del ministro de Educaci\u00f3n, H\u00e9ctor Rodr\u00edguez, busca reducir el estr\u00e9s y la carga de trabajo que, en muchos casos, genera la tarea en las familias y estudiantes.<\/div>\n<\/div>\n<p>As\u00ed mismo, dise\u00f1ar pol\u00edticas p\u00fablicas con base cient\u00edfica y el mayor consenso posible.<\/p>\n<div class=\"code-block code-block-1\">\n<div id=\"div-gpt-ad-1678065894427-0\"><\/div>\n<\/div>\n<p>En esta comisi\u00f3n participan rectores, instituciones p\u00fablicas y privadas, estudiantes (OBE), movimientos de familias y maestros.<\/p>\n<p>El plan incluye consultar directamente a familias y maestros de aula,<\/p>\n<p>&nbsp;<\/p>\n","protected":false},"excerpt":{"rendered":"<p>El ministerio de educaci\u00f3n inform\u00f3 en sus redes sociales que se instal\u00f3 la comisi\u00f3n que evaluar\u00e1 las tareas escolares y buscar\u00e1 transformarlas en una herramienta m\u00e1s efectiva y menos estresante para estudiantes y representantes. La iniciativa, que deriv\u00f3 de la convocatoria del ministro de Educaci\u00f3n, H\u00e9ctor Rodr\u00edguez, busca reducir el estr\u00e9s y la carga de &hellip;<\/p>\n","protected":false},"author":1,"featured_media":26291,"comment_status":"open","ping_status":"open","sticky":false,"template":"","format":"standard","meta":{"_eb_attr":"","_jetpack_memberships_contains_paid_content":false,"footnotes":""},"categories":[26],"tags":[],"class_list":["post-26290","post","type-post","status-publish","format-standard","has-post-thumbnail","hentry","category-nacionales"],"jetpack_sharing_enabled":true,"jetpack_featured_media_url":"https:\/\/guayoyo24.com\/website\/wp-content\/uploads\/2025\/10\/ScreenShot-Tool-20251024193337.jpg","_links":{"self":[{"href":"https:\/\/guayoyo24.com\/website\/wp-json\/wp\/v2\/posts\/26290","targetHints":{"allow":["GET"]}}],"collection":[{"href":"https:\/\/guayoyo24.com\/website\/wp-json\/wp\/v2\/posts"}],"about":[{"href":"https:\/\/guayoyo24.com\/website\/wp-json\/wp\/v2\/types\/post"}],"author":[{"embeddable":true,"href":"https:\/\/guayoyo24.com\/website\/wp-json\/wp\/v2\/users\/1"}],"replies":[{"embeddable":true,"href":"https:\/\/guayoyo24.com\/website\/wp-json\/wp\/v2\/comments?post=26290"}],"version-history":[{"count":1,"href":"https:\/\/guayoyo24.com\/website\/wp-json\/wp\/v2\/posts\/26290\/revisions"}],"predecessor-version":[{"id":26292,"href":"https:\/\/guayoyo24.com\/website\/wp-json\/wp\/v2\/posts\/26290\/revisions\/26292"}],"wp:featuredmedia":[{"embeddable":true,"href":"https:\/\/guayoyo24.com\/website\/wp-json\/wp\/v2\/media\/26291"}],"wp:attachment":[{"href":"https:\/\/guayoyo24.com\/website\/wp-json\/wp\/v2\/media?parent=26290"}],"wp:term":[{"taxonomy":"category","embeddable":true,"href":"https:\/\/guayoyo24.com\/website\/wp-json\/wp\/v2\/categories?post=26290"},{"taxonomy":"post_tag","embeddable":true,"href":"https:\/\/guayoyo24.com\/website\/wp-json\/wp\/v2\/tags?post=26290"}],"curies":[{"name":"wp","href":"https:\/\/api.w.org\/{rel}","templated":true}]}}