{"id":26357,"date":"2025-10-24T22:10:59","date_gmt":"2025-10-25T02:10:59","guid":{"rendered":"https:\/\/guayoyo24.com\/website\/?p=26357"},"modified":"2025-10-25T10:22:13","modified_gmt":"2025-10-25T14:22:13","slug":"mercal-renace-en-ospino","status":"publish","type":"post","link":"https:\/\/guayoyo24.com\/website\/2025\/10\/24\/mercal-renace-en-ospino\/","title":{"rendered":"Mercal renace en Ospino"},"content":{"rendered":"<p style=\"text-align: justify;\"><strong>Especial.-<\/strong><\/p>\n<p style=\"text-align: justify;\">En una importante video conferencia particip\u00f3 el alcalde de Ospino, Yongeiby Y\u00e9pez, representantes del Ministerio de Alimentaci\u00f3n y Mercal junto al Ministro Carlos Leal Teller\u00eda, a fin de seguir velando por la seguridad alimentaria del municipio.<\/p>\n<p style=\"text-align: justify;\">Esto con el objetivo de ir preparando la pronta inauguraci\u00f3n de la nueva y repotenciada sede de Mercal.<\/p>\n<p style=\"text-align: justify;\">Espacios rehabilitados y embellecidos a trav\u00e9s del Ministerio del Poder Popular para la Alimentaci\u00f3n en articulaci\u00f3n perfecta con R\u00edo presidente Nicol\u00e1s Maduro y el gobernador Primitivo Cede\u00f1o.<\/p>\n<p><img fetchpriority=\"high\" decoding=\"async\" class=\"alignnone wp-image-26347 size-full\" src=\"https:\/\/guayoyo24.com\/website\/wp-content\/uploads\/2025\/10\/WhatsApp-Image-2025-10-24-at-4.47.26-PM.jpeg\" alt=\"\" width=\"1280\" height=\"840\" srcset=\"https:\/\/guayoyo24.com\/website\/wp-content\/uploads\/2025\/10\/WhatsApp-Image-2025-10-24-at-4.47.26-PM.jpeg 1280w, https:\/\/guayoyo24.com\/website\/wp-content\/uploads\/2025\/10\/WhatsApp-Image-2025-10-24-at-4.47.26-PM-300x197.jpeg 300w, https:\/\/guayoyo24.com\/website\/wp-content\/uploads\/2025\/10\/WhatsApp-Image-2025-10-24-at-4.47.26-PM-1024x672.jpeg 1024w, https:\/\/guayoyo24.com\/website\/wp-content\/uploads\/2025\/10\/WhatsApp-Image-2025-10-24-at-4.47.26-PM-768x504.jpeg 768w\" sizes=\"(max-width: 1280px) 100vw, 1280px\" \/><\/p>\n","protected":false},"excerpt":{"rendered":"<p>Especial.- En una importante video conferencia particip\u00f3 el alcalde de Ospino, Yongeiby Y\u00e9pez, representantes del Ministerio de Alimentaci\u00f3n y Mercal junto al Ministro Carlos Leal Teller\u00eda, a fin de seguir velando por la seguridad alimentaria del municipio. Esto con el objetivo de ir preparando la pronta inauguraci\u00f3n de la nueva y repotenciada sede de Mercal. &hellip;<\/p>\n","protected":false},"author":1,"featured_media":26346,"comment_status":"open","ping_status":"open","sticky":false,"template":"","format":"standard","meta":{"_eb_attr":"","_jetpack_memberships_contains_paid_content":false,"footnotes":""},"categories":[25],"tags":[],"class_list":["post-26357","post","type-post","status-publish","format-standard","has-post-thumbnail","hentry","category-region"],"jetpack_sharing_enabled":true,"jetpack_featured_media_url":"https:\/\/guayoyo24.com\/website\/wp-content\/uploads\/2025\/10\/WhatsApp-Image-2025-10-24-at-4.47.26-PM-1.jpeg","_links":{"self":[{"href":"https:\/\/guayoyo24.com\/website\/wp-json\/wp\/v2\/posts\/26357","targetHints":{"allow":["GET"]}}],"collection":[{"href":"https:\/\/guayoyo24.com\/website\/wp-json\/wp\/v2\/posts"}],"about":[{"href":"https:\/\/guayoyo24.com\/website\/wp-json\/wp\/v2\/types\/post"}],"author":[{"embeddable":true,"href":"https:\/\/guayoyo24.com\/website\/wp-json\/wp\/v2\/users\/1"}],"replies":[{"embeddable":true,"href":"https:\/\/guayoyo24.com\/website\/wp-json\/wp\/v2\/comments?post=26357"}],"version-history":[{"count":1,"href":"https:\/\/guayoyo24.com\/website\/wp-json\/wp\/v2\/posts\/26357\/revisions"}],"predecessor-version":[{"id":26367,"href":"https:\/\/guayoyo24.com\/website\/wp-json\/wp\/v2\/posts\/26357\/revisions\/26367"}],"wp:featuredmedia":[{"embeddable":true,"href":"https:\/\/guayoyo24.com\/website\/wp-json\/wp\/v2\/media\/26346"}],"wp:attachment":[{"href":"https:\/\/guayoyo24.com\/website\/wp-json\/wp\/v2\/media?parent=26357"}],"wp:term":[{"taxonomy":"category","embeddable":true,"href":"https:\/\/guayoyo24.com\/website\/wp-json\/wp\/v2\/categories?post=26357"},{"taxonomy":"post_tag","embeddable":true,"href":"https:\/\/guayoyo24.com\/website\/wp-json\/wp\/v2\/tags?post=26357"}],"curies":[{"name":"wp","href":"https:\/\/api.w.org\/{rel}","templated":true}]}}