{"id":26707,"date":"2025-11-14T17:44:10","date_gmt":"2025-11-14T21:44:10","guid":{"rendered":"https:\/\/guayoyo24.com\/website\/?p=26707"},"modified":"2025-11-14T17:44:10","modified_gmt":"2025-11-14T21:44:10","slug":"presentacion-de-la-plancha-electoral-para-la-asociacion-de-futbol-del-estado-portuguesa","status":"publish","type":"post","link":"https:\/\/guayoyo24.com\/website\/2025\/11\/14\/presentacion-de-la-plancha-electoral-para-la-asociacion-de-futbol-del-estado-portuguesa\/","title":{"rendered":"Presentaci\u00f3n de la plancha electoral para la Asociaci\u00f3n de F\u00fatbol del estado Portuguesa"},"content":{"rendered":"<p>&nbsp;<\/p>\n<p>OSPINO\/<br \/>\nPrensa AFEP<\/p>\n<p>La Asociaci\u00f3n de F\u00fatbol del estado Portuguesa cerr\u00f3 oficialmente sus postulaciones para integrar la directiva del periodo 2025-2029, este jueves en el municipio Ospino con un acto oficial.<\/p>\n<p>La comisi\u00f3n electoral presidida por el abogado Melvis Molina, Freddy Rodr\u00edguez y Yudelys Jaimes fueron los encargados de recibir la postulaci\u00f3n de la plancha \u00fanica encabezada por el dirigente Jorge Alejandro Pulido Pe\u00f1a.<\/p>\n<p>De esta manera, el pr\u00f3ximo 21 de noviembre la Asociaci\u00f3n de F\u00fatbol del estado Portuguesa tendr\u00e1 direcci\u00f3n tras dos a\u00f1os de intervenci\u00f3n.<\/p>\n<p>Hugo Mora, diputado AN y Eduar Duque, presidente de INDEPORT estuvieron presentes durante la ceremonia, y una vez expresaron su compromiso con el fortalecimiento e impulso del deporte en Portuguesa. Asimismo, el alcalde del municipio Ospino, Yongeiby Yepez.<\/p>\n<p>Hoy gracias a la gesti\u00f3n de la Federaci\u00f3n Venezolana de F\u00fatbol, y su presidente Jorge Gim\u00e9nez contar\u00e1n con un ente regidor para continuar masificando y engrandeciendo uno de los estados con mayor presencia a nivel nacional, y de exportaci\u00f3n de jugadores a nivel mundial.<\/p>\n<p>La plancha presentada esta conformada de la siguiente manera:<\/p>\n<p>Jorge Pulido (PRESIDENTE)<br \/>\nFrancisco Garc\u00eda (1er VICEPRESIDENTE)<br \/>\nCarlos Molina (2do VICEPRESIDENTE)<br \/>\n\u00c1lvaro Araque (3er VICEPRESIDENTE)<\/p>\n<p>Se espera que dichas elecciones, marcar\u00e1n un antes y un despu\u00e9s en la historia del f\u00fatbol portuguese\u00f1o.<\/p>\n<p><img fetchpriority=\"high\" decoding=\"async\" class=\"alignnone wp-image-26709 size-full\" src=\"https:\/\/guayoyo24.com\/website\/wp-content\/uploads\/2025\/11\/WhatsApp-Image-2025-11-14-at-4.45.31-PM-1.jpeg\" alt=\"\" width=\"1080\" height=\"607\" srcset=\"https:\/\/guayoyo24.com\/website\/wp-content\/uploads\/2025\/11\/WhatsApp-Image-2025-11-14-at-4.45.31-PM-1.jpeg 1080w, https:\/\/guayoyo24.com\/website\/wp-content\/uploads\/2025\/11\/WhatsApp-Image-2025-11-14-at-4.45.31-PM-1-300x169.jpeg 300w, https:\/\/guayoyo24.com\/website\/wp-content\/uploads\/2025\/11\/WhatsApp-Image-2025-11-14-at-4.45.31-PM-1-1024x576.jpeg 1024w, https:\/\/guayoyo24.com\/website\/wp-content\/uploads\/2025\/11\/WhatsApp-Image-2025-11-14-at-4.45.31-PM-1-768x432.jpeg 768w, https:\/\/guayoyo24.com\/website\/wp-content\/uploads\/2025\/11\/WhatsApp-Image-2025-11-14-at-4.45.31-PM-1-390x220.jpeg 390w\" sizes=\"(max-width: 1080px) 100vw, 1080px\" \/> <img decoding=\"async\" class=\"alignnone wp-image-26710 size-full\" src=\"https:\/\/guayoyo24.com\/website\/wp-content\/uploads\/2025\/11\/WhatsApp-Image-2025-11-14-at-4.45.31-PM.jpeg\" alt=\"\" width=\"1080\" height=\"608\" srcset=\"https:\/\/guayoyo24.com\/website\/wp-content\/uploads\/2025\/11\/WhatsApp-Image-2025-11-14-at-4.45.31-PM.jpeg 1080w, https:\/\/guayoyo24.com\/website\/wp-content\/uploads\/2025\/11\/WhatsApp-Image-2025-11-14-at-4.45.31-PM-300x169.jpeg 300w, https:\/\/guayoyo24.com\/website\/wp-content\/uploads\/2025\/11\/WhatsApp-Image-2025-11-14-at-4.45.31-PM-1024x576.jpeg 1024w, https:\/\/guayoyo24.com\/website\/wp-content\/uploads\/2025\/11\/WhatsApp-Image-2025-11-14-at-4.45.31-PM-768x432.jpeg 768w, https:\/\/guayoyo24.com\/website\/wp-content\/uploads\/2025\/11\/WhatsApp-Image-2025-11-14-at-4.45.31-PM-390x220.jpeg 390w\" sizes=\"(max-width: 1080px) 100vw, 1080px\" \/><\/p>\n","protected":false},"excerpt":{"rendered":"<p>&nbsp; OSPINO\/ Prensa AFEP La Asociaci\u00f3n de F\u00fatbol del estado Portuguesa cerr\u00f3 oficialmente sus postulaciones para integrar la directiva del periodo 2025-2029, este jueves en el municipio Ospino con un acto oficial. La comisi\u00f3n electoral presidida por el abogado Melvis Molina, Freddy Rodr\u00edguez y Yudelys Jaimes fueron los encargados de recibir la postulaci\u00f3n de la &hellip;<\/p>\n","protected":false},"author":1,"featured_media":26708,"comment_status":"open","ping_status":"open","sticky":false,"template":"","format":"standard","meta":{"_eb_attr":"","_jetpack_memberships_contains_paid_content":false,"footnotes":""},"categories":[29,25],"tags":[],"class_list":["post-26707","post","type-post","status-publish","format-standard","has-post-thumbnail","hentry","category-deportes","category-region"],"jetpack_sharing_enabled":true,"jetpack_featured_media_url":"https:\/\/guayoyo24.com\/website\/wp-content\/uploads\/2025\/11\/WhatsApp-Image-2025-11-14-at-4.45.32-PM.jpeg","_links":{"self":[{"href":"https:\/\/guayoyo24.com\/website\/wp-json\/wp\/v2\/posts\/26707","targetHints":{"allow":["GET"]}}],"collection":[{"href":"https:\/\/guayoyo24.com\/website\/wp-json\/wp\/v2\/posts"}],"about":[{"href":"https:\/\/guayoyo24.com\/website\/wp-json\/wp\/v2\/types\/post"}],"author":[{"embeddable":true,"href":"https:\/\/guayoyo24.com\/website\/wp-json\/wp\/v2\/users\/1"}],"replies":[{"embeddable":true,"href":"https:\/\/guayoyo24.com\/website\/wp-json\/wp\/v2\/comments?post=26707"}],"version-history":[{"count":1,"href":"https:\/\/guayoyo24.com\/website\/wp-json\/wp\/v2\/posts\/26707\/revisions"}],"predecessor-version":[{"id":26711,"href":"https:\/\/guayoyo24.com\/website\/wp-json\/wp\/v2\/posts\/26707\/revisions\/26711"}],"wp:featuredmedia":[{"embeddable":true,"href":"https:\/\/guayoyo24.com\/website\/wp-json\/wp\/v2\/media\/26708"}],"wp:attachment":[{"href":"https:\/\/guayoyo24.com\/website\/wp-json\/wp\/v2\/media?parent=26707"}],"wp:term":[{"taxonomy":"category","embeddable":true,"href":"https:\/\/guayoyo24.com\/website\/wp-json\/wp\/v2\/categories?post=26707"},{"taxonomy":"post_tag","embeddable":true,"href":"https:\/\/guayoyo24.com\/website\/wp-json\/wp\/v2\/tags?post=26707"}],"curies":[{"name":"wp","href":"https:\/\/api.w.org\/{rel}","templated":true}]}}