{"id":27153,"date":"2025-11-27T21:30:15","date_gmt":"2025-11-28T01:30:15","guid":{"rendered":"https:\/\/guayoyo24.com\/website\/?p=27153"},"modified":"2025-11-27T21:30:15","modified_gmt":"2025-11-28T01:30:15","slug":"ministerio-publico-hizo-jornada-en-la-plaza-andres-bello-de-guanare","status":"publish","type":"post","link":"https:\/\/guayoyo24.com\/website\/2025\/11\/27\/ministerio-publico-hizo-jornada-en-la-plaza-andres-bello-de-guanare\/","title":{"rendered":"Ministerio P\u00fablico hizo jornada en la plaza Andr\u00e9s Bello de Guanare"},"content":{"rendered":"<p>&nbsp;<\/p>\n<p>Especial.-<\/p>\n<p>En la Plaza Andr\u00e9s Bello, situada en la Avenida Unda, diagonal a la Escuela Ana de Zambrano Roa, del municipio Guanare, se llev\u00f3 acabo jornada del Ministerio P\u00fablico en el marco del 56\u00ba aniversario de la instituci\u00f3n.<\/p>\n<p>La misma estuvo presidida por el Fiscal Superior del Ministerio P\u00fablico en Portuguesa, Dr. Francisco Pulido, en conjunto con los organismos de seguridad de la entidad.<\/p>\n<p>All\u00ed se dieron charlas, tomas de denuncias y se dio orientaci\u00f3n a los presentes, a fin de promover un entorno seguro en el Municipio Guanare.<\/p>\n<p>Se espera que estas jornadas contin\u00faen fomentando la confianza de la ciudadan\u00eda en las instituciones y mejorando la seguridad p\u00fablica en la regi\u00f3n.<\/p>\n<p><img fetchpriority=\"high\" decoding=\"async\" class=\"alignnone wp-image-27155 size-full\" src=\"https:\/\/guayoyo24.com\/website\/wp-content\/uploads\/2025\/11\/WhatsApp-Image-2025-11-27-at-3.22.40-PM-1.jpeg\" alt=\"\" width=\"1280\" height=\"1122\" srcset=\"https:\/\/guayoyo24.com\/website\/wp-content\/uploads\/2025\/11\/WhatsApp-Image-2025-11-27-at-3.22.40-PM-1.jpeg 1280w, https:\/\/guayoyo24.com\/website\/wp-content\/uploads\/2025\/11\/WhatsApp-Image-2025-11-27-at-3.22.40-PM-1-300x263.jpeg 300w, https:\/\/guayoyo24.com\/website\/wp-content\/uploads\/2025\/11\/WhatsApp-Image-2025-11-27-at-3.22.40-PM-1-1024x898.jpeg 1024w, https:\/\/guayoyo24.com\/website\/wp-content\/uploads\/2025\/11\/WhatsApp-Image-2025-11-27-at-3.22.40-PM-1-768x673.jpeg 768w\" sizes=\"(max-width: 1280px) 100vw, 1280px\" \/> <img decoding=\"async\" class=\"alignnone wp-image-27154 size-full\" src=\"https:\/\/guayoyo24.com\/website\/wp-content\/uploads\/2025\/11\/WhatsApp-Image-2025-11-27-at-3.22.40-PM-2.jpeg\" alt=\"\" width=\"1280\" height=\"1236\" srcset=\"https:\/\/guayoyo24.com\/website\/wp-content\/uploads\/2025\/11\/WhatsApp-Image-2025-11-27-at-3.22.40-PM-2.jpeg 1280w, https:\/\/guayoyo24.com\/website\/wp-content\/uploads\/2025\/11\/WhatsApp-Image-2025-11-27-at-3.22.40-PM-2-300x290.jpeg 300w, https:\/\/guayoyo24.com\/website\/wp-content\/uploads\/2025\/11\/WhatsApp-Image-2025-11-27-at-3.22.40-PM-2-1024x989.jpeg 1024w, https:\/\/guayoyo24.com\/website\/wp-content\/uploads\/2025\/11\/WhatsApp-Image-2025-11-27-at-3.22.40-PM-2-768x742.jpeg 768w\" sizes=\"(max-width: 1280px) 100vw, 1280px\" \/><\/p>\n","protected":false},"excerpt":{"rendered":"<p>&nbsp; Especial.- En la Plaza Andr\u00e9s Bello, situada en la Avenida Unda, diagonal a la Escuela Ana de Zambrano Roa, del municipio Guanare, se llev\u00f3 acabo jornada del Ministerio P\u00fablico en el marco del 56\u00ba aniversario de la instituci\u00f3n. La misma estuvo presidida por el Fiscal Superior del Ministerio P\u00fablico en Portuguesa, Dr. Francisco Pulido, &hellip;<\/p>\n","protected":false},"author":1,"featured_media":27156,"comment_status":"open","ping_status":"open","sticky":false,"template":"","format":"standard","meta":{"_eb_attr":"","_jetpack_memberships_contains_paid_content":false,"footnotes":""},"categories":[25],"tags":[],"class_list":["post-27153","post","type-post","status-publish","format-standard","has-post-thumbnail","hentry","category-region"],"jetpack_sharing_enabled":true,"jetpack_featured_media_url":"https:\/\/guayoyo24.com\/website\/wp-content\/uploads\/2025\/11\/WhatsApp-Image-2025-11-27-at-3.22.40-PM.jpeg","_links":{"self":[{"href":"https:\/\/guayoyo24.com\/website\/wp-json\/wp\/v2\/posts\/27153","targetHints":{"allow":["GET"]}}],"collection":[{"href":"https:\/\/guayoyo24.com\/website\/wp-json\/wp\/v2\/posts"}],"about":[{"href":"https:\/\/guayoyo24.com\/website\/wp-json\/wp\/v2\/types\/post"}],"author":[{"embeddable":true,"href":"https:\/\/guayoyo24.com\/website\/wp-json\/wp\/v2\/users\/1"}],"replies":[{"embeddable":true,"href":"https:\/\/guayoyo24.com\/website\/wp-json\/wp\/v2\/comments?post=27153"}],"version-history":[{"count":1,"href":"https:\/\/guayoyo24.com\/website\/wp-json\/wp\/v2\/posts\/27153\/revisions"}],"predecessor-version":[{"id":27157,"href":"https:\/\/guayoyo24.com\/website\/wp-json\/wp\/v2\/posts\/27153\/revisions\/27157"}],"wp:featuredmedia":[{"embeddable":true,"href":"https:\/\/guayoyo24.com\/website\/wp-json\/wp\/v2\/media\/27156"}],"wp:attachment":[{"href":"https:\/\/guayoyo24.com\/website\/wp-json\/wp\/v2\/media?parent=27153"}],"wp:term":[{"taxonomy":"category","embeddable":true,"href":"https:\/\/guayoyo24.com\/website\/wp-json\/wp\/v2\/categories?post=27153"},{"taxonomy":"post_tag","embeddable":true,"href":"https:\/\/guayoyo24.com\/website\/wp-json\/wp\/v2\/tags?post=27153"}],"curies":[{"name":"wp","href":"https:\/\/api.w.org\/{rel}","templated":true}]}}