{"id":27185,"date":"2025-11-28T10:33:35","date_gmt":"2025-11-28T14:33:35","guid":{"rendered":"https:\/\/guayoyo24.com\/website\/?p=27185"},"modified":"2025-11-28T10:33:35","modified_gmt":"2025-11-28T14:33:35","slug":"el-sistema-en-portuguesa-efectua-jornada-de-actualizacion-de-lenguaje-musical","status":"publish","type":"post","link":"https:\/\/guayoyo24.com\/website\/2025\/11\/28\/el-sistema-en-portuguesa-efectua-jornada-de-actualizacion-de-lenguaje-musical\/","title":{"rendered":"El Sistema en Portuguesa efect\u00faa Jornada de Actualizaci\u00f3n de Lenguaje Musical"},"content":{"rendered":"<p>&nbsp;<\/p>\n<p>Jorveis Ortegano Valecillo\/<br \/>\nPrensa-El Sistema Portuguesa.-<\/p>\n<p>Con una participaci\u00f3n que super\u00f3 las expectativas, concluy\u00f3 la Jornada Nacional de Actualizaci\u00f3n de Lenguaje Musical organizado por el Programa de Formaci\u00f3n Acad\u00e9mica del Sistema Nacional de Orquestas y Coros Juveniles e Infantiles de Venezuela, un ciclo de sesiones de trabajo clave destinado a optimizar la pedagog\u00eda musical en todo el pa\u00eds en pro de la excelencia de la labor social y educativa, a trav\u00e9s de la pr\u00e1ctica colectiva de la m\u00fasica.<\/p>\n<p>La actividad, dirigida a los formadores integrales acad\u00e9micos musicales de El Sistema, tiene como prop\u00f3sito impulsar una ense\u00f1anza del lenguaje musical para fortalecer las competencias y garantizar que los ni\u00f1os, ni\u00f1as y j\u00f3venes del pa\u00eds y la regi\u00f3n reciban una educaci\u00f3n musical de calidad, acorde con los altos niveles que exige la instituci\u00f3n, seg\u00fan inform\u00f3 la maestra Raquel Castillo, gerente estadal de El Sistema en Portuguesa.<br \/>\nCastillo, destac\u00f3 que la jornada en la entidad se centr\u00f3 en tres \u00e1reas bajo el liderazgo de tutores especialistas, lo que asegur\u00f3 un enfoque completo para los participantes: C\u00e1psulas Te\u00f3ricas, impartidas por Carlos Minguez; Cuatro Fundamental, a cargo de Elis Pi\u00f1ero y Audioperceptiva, dirigida por Enrique Acosta.<br \/>\nEl despliegue de la actividad se organiz\u00f3 en dos grandes ejes estrat\u00e9gicos para garantizar una amplia cobertura en todo el estado, movilizando un total de 159 formadores integrales acad\u00e9micos musicales. El Eje Norte, con sede en el N\u00facleo Acarigua-Araure, reuni\u00f3 a 59 formadores de los N\u00facleos Agua Blanca, Tur\u00e9n y Acarigua-Araure. Mientras que, en el Eje Sur, concentr\u00f3 sus actividades en el N\u00facleo Guanare, con la participaci\u00f3n de 100 formadores provenientes de Guanarito, Ospino, Papel\u00f3n, Boconoito, Biscucuy y Guanare.<br \/>\nLa respuesta de los participantes fue sumamente positiva. Jhon Aldana, director del M\u00f3dulo Boconoito, destac\u00f3 la importancia de la experiencia, se\u00f1alando que permiti\u00f3 \u00abactualizar y unificar los criterios\u00bb esenciales para la ense\u00f1anza musical de los estudiantes y la labor de los formadores.<br \/>\n\u00abHa sido una capacitaci\u00f3n muy valiosa en lo que refiere al lenguaje musical, las se\u00f1as que pudi\u00e9ramos trabajar en cuanto a las notas musicales. Eso ha sido de mucho enriquecimiento para todos,\u00bb acot\u00f3 Aldana, subrayando la ganancia pr\u00e1ctica y te\u00f3rica de la actualizaci\u00f3n.<br \/>\nEsta jornada reafirma el compromiso de El Sistema en Venezuela y en Portuguesa con la excelencia educativa y la formaci\u00f3n continua de su cuerpo docente, sentando bases s\u00f3lidas para el futuro de la educaci\u00f3n musical en la regi\u00f3n.<\/p>\n<p><img fetchpriority=\"high\" decoding=\"async\" class=\"alignnone wp-image-27186 size-full\" src=\"https:\/\/guayoyo24.com\/website\/wp-content\/uploads\/2025\/11\/WhatsApp-Image-2025-11-28-at-9.34.55-AM.jpeg\" alt=\"\" width=\"840\" height=\"629\" srcset=\"https:\/\/guayoyo24.com\/website\/wp-content\/uploads\/2025\/11\/WhatsApp-Image-2025-11-28-at-9.34.55-AM.jpeg 840w, https:\/\/guayoyo24.com\/website\/wp-content\/uploads\/2025\/11\/WhatsApp-Image-2025-11-28-at-9.34.55-AM-300x225.jpeg 300w, https:\/\/guayoyo24.com\/website\/wp-content\/uploads\/2025\/11\/WhatsApp-Image-2025-11-28-at-9.34.55-AM-768x575.jpeg 768w\" sizes=\"(max-width: 840px) 100vw, 840px\" \/><\/p>\n","protected":false},"excerpt":{"rendered":"<p>&nbsp; Jorveis Ortegano Valecillo\/ Prensa-El Sistema Portuguesa.- Con una participaci\u00f3n que super\u00f3 las expectativas, concluy\u00f3 la Jornada Nacional de Actualizaci\u00f3n de Lenguaje Musical organizado por el Programa de Formaci\u00f3n Acad\u00e9mica del Sistema Nacional de Orquestas y Coros Juveniles e Infantiles de Venezuela, un ciclo de sesiones de trabajo clave destinado a optimizar la pedagog\u00eda musical &hellip;<\/p>\n","protected":false},"author":1,"featured_media":27187,"comment_status":"open","ping_status":"open","sticky":false,"template":"","format":"standard","meta":{"_eb_attr":"","_jetpack_memberships_contains_paid_content":false,"footnotes":""},"categories":[34,31],"tags":[],"class_list":["post-27185","post","type-post","status-publish","format-standard","has-post-thumbnail","hentry","category-guayoyo24","category-arte-cultura"],"jetpack_sharing_enabled":true,"jetpack_featured_media_url":"https:\/\/guayoyo24.com\/website\/wp-content\/uploads\/2025\/11\/WhatsApp-Image-2025-11-28-at-9.34.58-AM.jpeg","_links":{"self":[{"href":"https:\/\/guayoyo24.com\/website\/wp-json\/wp\/v2\/posts\/27185","targetHints":{"allow":["GET"]}}],"collection":[{"href":"https:\/\/guayoyo24.com\/website\/wp-json\/wp\/v2\/posts"}],"about":[{"href":"https:\/\/guayoyo24.com\/website\/wp-json\/wp\/v2\/types\/post"}],"author":[{"embeddable":true,"href":"https:\/\/guayoyo24.com\/website\/wp-json\/wp\/v2\/users\/1"}],"replies":[{"embeddable":true,"href":"https:\/\/guayoyo24.com\/website\/wp-json\/wp\/v2\/comments?post=27185"}],"version-history":[{"count":1,"href":"https:\/\/guayoyo24.com\/website\/wp-json\/wp\/v2\/posts\/27185\/revisions"}],"predecessor-version":[{"id":27188,"href":"https:\/\/guayoyo24.com\/website\/wp-json\/wp\/v2\/posts\/27185\/revisions\/27188"}],"wp:featuredmedia":[{"embeddable":true,"href":"https:\/\/guayoyo24.com\/website\/wp-json\/wp\/v2\/media\/27187"}],"wp:attachment":[{"href":"https:\/\/guayoyo24.com\/website\/wp-json\/wp\/v2\/media?parent=27185"}],"wp:term":[{"taxonomy":"category","embeddable":true,"href":"https:\/\/guayoyo24.com\/website\/wp-json\/wp\/v2\/categories?post=27185"},{"taxonomy":"post_tag","embeddable":true,"href":"https:\/\/guayoyo24.com\/website\/wp-json\/wp\/v2\/tags?post=27185"}],"curies":[{"name":"wp","href":"https:\/\/api.w.org\/{rel}","templated":true}]}}