{"id":27757,"date":"2026-01-07T16:22:08","date_gmt":"2026-01-07T20:22:08","guid":{"rendered":"https:\/\/guayoyo24.com\/website\/?p=27757"},"modified":"2026-01-07T16:22:08","modified_gmt":"2026-01-07T20:22:08","slug":"crimen-de-guerra-consideran-asesinato-de-cubanos-en-fuerte-tiuna-detalles","status":"publish","type":"post","link":"https:\/\/guayoyo24.com\/website\/2026\/01\/07\/crimen-de-guerra-consideran-asesinato-de-cubanos-en-fuerte-tiuna-detalles\/","title":{"rendered":"Crimen de guerra consideran asesinato de cubanos en Fuerte Tiuna (Detalles)"},"content":{"rendered":"<p>Masacrados. Esa es la expresi\u00f3n que emplean los militares y civiles consultados en relaci\u00f3n con el asesinato de los 32 cubanos ultimados la madrugada del 3 de enero por fuerzas especiales estadounidenses que invadieron a Venezuela para llevarse al presidente Nicol\u00e1s Maduro.<\/p>\n<p>Al respecto, el ministro de la Defensa, Vladimir Padrino L\u00f3pez, habl\u00f3 el pasado 4 de enero del asesinato \u201ca sangre fr\u00eda\u201d de gran parte del equipo de seguridad del Jefe de Estado, como paso previo a la retenci\u00f3n de Maduro. Una fuente militar explic\u00f3 que el asesinato de los 32 se materializ\u00f3 con fusiles provistos de silenciadores.<\/p>\n<p>El presidente de Cuba, Miguel D\u00edaz-Canel, inform\u00f3 que los 32 \u201ccumpl\u00edan misiones en representaci\u00f3n de las Fuerzas Armadas Revolucionarias y el Ministerio del Interior, a solicitud de \u00f3rganos hom\u00f3logos del pa\u00eds sudamericano\u201d.<\/p>\n<p>Mientras, el Gobierno de Venezuela se\u00f1al\u00f3 en un comunicado que \u201ceste personal actuaba en el marco de la cooperaci\u00f3n entre Estados soberanos y se encontraban cumpliendo tareas de protecci\u00f3n y defensa institucional\u201d.<\/p>\n<p>Por otras fuentes conocimos que los 32 formaban parte del primer y segundo anillo en la seguridad del Presidente de la Rep\u00fablica.<\/p>\n<p>Sobre la operaci\u00f3n militar donde murieron los 32, el general Julio Ram\u00f3n Barrios Torres, ex jefe del Estado Mayor del Ej\u00e9rcito, explic\u00f3 que se trat\u00f3 de un asalto, \u201cmejor dicho, una loquetera, aplicando la teor\u00eda de tierra arrasada\u201d.<\/p>\n<p>Barrios Torres dijo que esa acci\u00f3n estadounidense est\u00e1 fuera de las denominadas leyes de la guerra. \u201cLas declaraciones de guerra se avisan, porque lo contrario es un asalto\u201d, dijo el alto oficial, quien sac\u00f3 el ejemplo del ataque a Pearl Harbor, base naval de Estados Unidos ubicada en Haw\u00e1i, bombardeada sorpresivamente la ma\u00f1ana del 7 de diciembre de 1941 por la Armada Imperial Japonesa.<\/p>\n<p>\u201cEso fue un asalto, porque Jap\u00f3n no avis\u00f3 a Estados Unidos, tal como lo determinan las leyes de la guerra. No hubo una declaraci\u00f3n de guerra, tanto, que el entonces presidente de Estados Unidos, Franklin Delano Roosevelt, calific\u00f3 esa fecha como el d\u00eda de la infamia\u201d, record\u00f3 Barrios Torres.<\/p>\n<p>El general, quien estuvo de segundo en la Comandancia General del Ej\u00e9rcito, igualmente record\u00f3 que cuando Estados Unidos atac\u00f3 las instalaciones nucleares de Ir\u00e1n el s\u00e1bado 21 de junio pasado, le avis\u00f3 con ocho d\u00edas de antelaci\u00f3n. \u201cEso es una declaraci\u00f3n de guerra, eso es lo que establecen los tratados de guerra. Ya t\u00fa sabes: guerra avisada\u2026\u201d, coment\u00f3 Barrios Torres.<\/p>\n<h2 id=\"invasi-oacute-n-como-acto-de-guerra\" class=\"wp-block-heading\">Invasi\u00f3n como acto de guerra<\/h2>\n<p>Tambi\u00e9n consultamos la opini\u00f3n del magistrado em\u00e9rito Alejandro Angulo Fontiveros, quien ha escrito libros sobre cr\u00edmenes de lesa humanidad. \u201cToda invasi\u00f3n a la fuerza es un acto de guerra y naturalmente todo lo que ocurra como consecuencia de esa invasi\u00f3n, son actos de guerra. De modo que el asesinato de esos 32 es un crimen de guerra\u201d, dice en primera instancia Angulo Fontiveros, quien fue presidente de la Sala Penal del Tribunal Supremo de Justicia (TSJ).<\/p>\n<p>\u201cSe hab\u00eda corrido la voz de que no defendieron a Maduro; pero no es cierto, porque mataron a mucha gente. Todo eso es muy lamentable\u201d, expres\u00f3 Angulo Fontiveros.<\/p>\n<p>Le comentamos a Angulo Fontiveros que analistas consideran el ataque del 3 de enero pasado, como una acci\u00f3n guerrerista desproporcionada y no autorizada por el Congreso de Estados Unidos. \u201cLa acci\u00f3n misma de hacerle la guerra a un pa\u00eds, no depende de que se est\u00e9 autorizado o no por determinadas autoridades, sino por el hecho mismo de caerle a plomo a la gente. Por eso es que hay el concepto de guerra declarada\u201d, respondi\u00f3 Angulo Fontiveros.<\/p>\n<h2 id=\"las-fases-del-crimen-gringo\" class=\"wp-block-heading\">Las fases del crimen gringo<\/h2>\n<ul class=\"wp-block-list\">\n<li>El contingente de aviones y helic\u00f3pteros estadounidenses ingresaron la madrugada de 3 de enero pasado por Hoyo de la Puerta (Miranda) y de all\u00ed se dirigieron al Fuerte Tiuna, concretamente a una de las residencias del Presidente de la Rep\u00fablica que queda detr\u00e1s de la Escuela Ecol\u00f3gica Bolivariana \u2018\u2019Sim\u00f3n Rodr\u00edguez\u2019\u2019, seg\u00fan fuentes militares. All\u00ed fue la batalla clave donde los militares estadounidenses retuvieron al presidente Nicol\u00e1s Maduro. No se reportaron bajas estadounidenses.<\/li>\n<li>Pero antes de esa entrada por Hoyo de la Puerta, otro contingente de las fuerzas especiales estadounidenses destruyeron las defensas antia\u00e9reas y sistemas de comunicaciones militares ubicadas en El Junquito, Charallave e Higuerote, entre otros.<\/li>\n<li>Hubo unos segundos bombardeos cuyo prop\u00f3sito era distraer a los militares venezolanos, como por ejemplo, el ataque a los batallones Ayala, Santa Ana y Rivas, que quedan en Fuerte Tiuna, explicaron fuentes castrenses.<\/li>\n<li>El Partido Comunista de Cuba public\u00f3 en sus redes sociales fotos de los 32 cubanos ca\u00eddos la madrugada del 3 de enero. La gr\u00e1fica es acompa\u00f1ada de un escrito titulado \u00ab!Honor y Gloria a los valerosos combatientes que cayeron peleando tras f\u00e9rrea resistencia y combate directo ante el artero ataque terrorista de EEUU en Venezuela. Nuestros m\u00e1rtires cumplieron digna y heroicamente con su deber\u201d.<\/li>\n<\/ul>\n<h2 id=\"el-horror-revelado-por-jaime-bayly\" class=\"wp-block-heading\">El horror revelado por Jaime Bayly<\/h2>\n<p>El periodista Jaime Bayly, un peruano que vive en Miami, al tratar de matizar el crimen de las fuerzas estadounidense en Fuerte Tiuna, revel\u00f3 lo que ser\u00edan ajusticiamientos perpetrados por los asesinos de Trump.<\/p>\n<p>Cuenta Bayly, en su p\u00f3dcast de YouTube del d\u00eda 4 de enero pasado, que \u2014 seg\u00fan fuente confiable, dijo\u2014 en Fuerte Tiuna los comandos respetaron la vida de algunas parejas de escoltas cubanos, novias o esposas, lo que da cuenta de que habr\u00edan acribillado a personal que no estaba de servicio, sino compartiendo en familia en sus respectivas habitaciones. Otro crimen de guerra.<\/p>\n<p><strong>V\u00eda: \u00daltimas Noticias\u00a0<\/strong><\/p>\n","protected":false},"excerpt":{"rendered":"<p>Masacrados. Esa es la expresi\u00f3n que emplean los militares y civiles consultados en relaci\u00f3n con el asesinato de los 32 cubanos ultimados la madrugada del 3 de enero por fuerzas especiales estadounidenses que invadieron a Venezuela para llevarse al presidente Nicol\u00e1s Maduro. Al respecto, el ministro de la Defensa, Vladimir Padrino L\u00f3pez, habl\u00f3 el pasado &hellip;<\/p>\n","protected":false},"author":1,"featured_media":27758,"comment_status":"open","ping_status":"open","sticky":false,"template":"","format":"standard","meta":{"_eb_attr":"","_jetpack_memberships_contains_paid_content":false,"footnotes":""},"categories":[26],"tags":[],"class_list":["post-27757","post","type-post","status-publish","format-standard","has-post-thumbnail","hentry","category-nacionales"],"jetpack_sharing_enabled":true,"jetpack_featured_media_url":"https:\/\/guayoyo24.com\/website\/wp-content\/uploads\/2026\/01\/image-2-1024x683-1.jpg","_links":{"self":[{"href":"https:\/\/guayoyo24.com\/website\/wp-json\/wp\/v2\/posts\/27757","targetHints":{"allow":["GET"]}}],"collection":[{"href":"https:\/\/guayoyo24.com\/website\/wp-json\/wp\/v2\/posts"}],"about":[{"href":"https:\/\/guayoyo24.com\/website\/wp-json\/wp\/v2\/types\/post"}],"author":[{"embeddable":true,"href":"https:\/\/guayoyo24.com\/website\/wp-json\/wp\/v2\/users\/1"}],"replies":[{"embeddable":true,"href":"https:\/\/guayoyo24.com\/website\/wp-json\/wp\/v2\/comments?post=27757"}],"version-history":[{"count":1,"href":"https:\/\/guayoyo24.com\/website\/wp-json\/wp\/v2\/posts\/27757\/revisions"}],"predecessor-version":[{"id":27759,"href":"https:\/\/guayoyo24.com\/website\/wp-json\/wp\/v2\/posts\/27757\/revisions\/27759"}],"wp:featuredmedia":[{"embeddable":true,"href":"https:\/\/guayoyo24.com\/website\/wp-json\/wp\/v2\/media\/27758"}],"wp:attachment":[{"href":"https:\/\/guayoyo24.com\/website\/wp-json\/wp\/v2\/media?parent=27757"}],"wp:term":[{"taxonomy":"category","embeddable":true,"href":"https:\/\/guayoyo24.com\/website\/wp-json\/wp\/v2\/categories?post=27757"},{"taxonomy":"post_tag","embeddable":true,"href":"https:\/\/guayoyo24.com\/website\/wp-json\/wp\/v2\/tags?post=27757"}],"curies":[{"name":"wp","href":"https:\/\/api.w.org\/{rel}","templated":true}]}}