{"id":28267,"date":"2026-01-20T09:56:22","date_gmt":"2026-01-20T13:56:22","guid":{"rendered":"https:\/\/guayoyo24.com\/website\/?p=28267"},"modified":"2026-01-20T09:56:22","modified_gmt":"2026-01-20T13:56:22","slug":"elevan-a-20-las-victimas-de-fuegos-del-sur-de-chile-y-detienen-a-sospechoso-de-provocarlos","status":"publish","type":"post","link":"https:\/\/guayoyo24.com\/website\/2026\/01\/20\/elevan-a-20-las-victimas-de-fuegos-del-sur-de-chile-y-detienen-a-sospechoso-de-provocarlos\/","title":{"rendered":"Elevan a 20 las v\u00edctimas de fuegos del sur de Chile y detienen a sospechoso de provocarlos"},"content":{"rendered":"<p>El ministro de Interior chileno, \u00c1lvaro Elizalde, confirm\u00f3 la noche del lunes que ascendi\u00f3 a 20 el n\u00famero de v\u00edctimas de los fuegos forestales que queman desde el s\u00e1bado en las regiones sure\u00f1as de \u00d1uble y Biob\u00edo.<\/p>\n<p>La emergencia, que dej\u00f3 miles de evacuados, 75 heridos y m\u00e1s de 500 personas albergadas, ha consumido 20.000 hect\u00e1reas en el B\u00edoBio, la regi\u00f3n m\u00e1s afectada, en especial la comuna de Penco, unos 500 kil\u00f3metros al sur de la capital.<\/p>\n<p>Un hombre fue detenido este lunes por la noche en esta localidad por presuntamente intentar comenzar un incendio en este sector: \u201cSe le incaut\u00f3 un encendedor con el cual, presuntamente, estaba encendiendo fuego y, tambi\u00e9n, una bolsa de nailon que ten\u00eda en su interior cable con cobre\u201d, se\u00f1al\u00f3 el mayor Bruno Gallardo.<\/p>\n<p>El arrestado, de 50 a\u00f1os y con antecedentes de hurto e infracci\u00f3n a la Ley de Drogas, fue retenido por vecinos despu\u00e9s de encontrarle supuestamente prendiendo fuego con un encendedor a vegetaci\u00f3n en las cercan\u00edas de un cuartel de Bomberos.<\/p>\n<p>Desde el inicio de los fuegos, el Gobierno ha reiterado en varias ocasiones que el Estado \u00abperseguir\u00e1\u00bb a los responsables de los incendios y que los hechos \u00abno quedar\u00e1n impunes\u00bb.<\/p>\n<p>El lunes el presidente Gabriel Boric y el presidente electo, Jos\u00e9 Antonio Kast, comparecieron en una in\u00e9dita muestra de unidad desde La Moneda, en la que llamaron a la responsabilidad ciudadana.<\/p>\n<p>Boric agradeci\u00f3 la \u00abdisposici\u00f3n\u00bb de Kast, su gran rival pol\u00edtico y quien se encuentra en sus ant\u00edpodas ideol\u00f3gicas, e indic\u00f3 que al ultraderechista le tocar\u00e1 liderar \u00abparte del importante proceso de reconstrucci\u00f3n\u00bb.<\/p>\n<p>Las regiones afectadas se mantienen en alerta roja, bajo Estado de Cat\u00e1strofe y en toque de queda nocturno. Las condiciones clim\u00e1ticas han sido adversas para enfrentar los fuegos, con temperaturas extremas y un viento seco y c\u00e1lido que sopla desde la cordillera de los Andes hacia el valle y que ha complicado las tareas de extinci\u00f3n. EFE<\/p>\n<p>V\u00eda EFE\/MundoUR).-<\/p>\n","protected":false},"excerpt":{"rendered":"<p>El ministro de Interior chileno, \u00c1lvaro Elizalde, confirm\u00f3 la noche del lunes que ascendi\u00f3 a 20 el n\u00famero de v\u00edctimas de los fuegos forestales que queman desde el s\u00e1bado en las regiones sure\u00f1as de \u00d1uble y Biob\u00edo. La emergencia, que dej\u00f3 miles de evacuados, 75 heridos y m\u00e1s de 500 personas albergadas, ha consumido 20.000 &hellip;<\/p>\n","protected":false},"author":1,"featured_media":28268,"comment_status":"open","ping_status":"open","sticky":false,"template":"","format":"standard","meta":{"_eb_attr":"","_jetpack_memberships_contains_paid_content":false,"footnotes":""},"categories":[28],"tags":[],"class_list":["post-28267","post","type-post","status-publish","format-standard","has-post-thumbnail","hentry","category-mundo"],"jetpack_sharing_enabled":true,"jetpack_featured_media_url":"https:\/\/guayoyo24.com\/website\/wp-content\/uploads\/2026\/01\/005.jpeg","_links":{"self":[{"href":"https:\/\/guayoyo24.com\/website\/wp-json\/wp\/v2\/posts\/28267","targetHints":{"allow":["GET"]}}],"collection":[{"href":"https:\/\/guayoyo24.com\/website\/wp-json\/wp\/v2\/posts"}],"about":[{"href":"https:\/\/guayoyo24.com\/website\/wp-json\/wp\/v2\/types\/post"}],"author":[{"embeddable":true,"href":"https:\/\/guayoyo24.com\/website\/wp-json\/wp\/v2\/users\/1"}],"replies":[{"embeddable":true,"href":"https:\/\/guayoyo24.com\/website\/wp-json\/wp\/v2\/comments?post=28267"}],"version-history":[{"count":1,"href":"https:\/\/guayoyo24.com\/website\/wp-json\/wp\/v2\/posts\/28267\/revisions"}],"predecessor-version":[{"id":28269,"href":"https:\/\/guayoyo24.com\/website\/wp-json\/wp\/v2\/posts\/28267\/revisions\/28269"}],"wp:featuredmedia":[{"embeddable":true,"href":"https:\/\/guayoyo24.com\/website\/wp-json\/wp\/v2\/media\/28268"}],"wp:attachment":[{"href":"https:\/\/guayoyo24.com\/website\/wp-json\/wp\/v2\/media?parent=28267"}],"wp:term":[{"taxonomy":"category","embeddable":true,"href":"https:\/\/guayoyo24.com\/website\/wp-json\/wp\/v2\/categories?post=28267"},{"taxonomy":"post_tag","embeddable":true,"href":"https:\/\/guayoyo24.com\/website\/wp-json\/wp\/v2\/tags?post=28267"}],"curies":[{"name":"wp","href":"https:\/\/api.w.org\/{rel}","templated":true}]}}