{"id":2908,"date":"2024-05-08T07:54:27","date_gmt":"2024-05-08T11:54:27","guid":{"rendered":"https:\/\/guayoyo24.com\/website\/?p=2908"},"modified":"2024-05-08T07:54:27","modified_gmt":"2024-05-08T11:54:27","slug":"biden-compara-hamas-con-hitler-y-condena-las-protestas-en-ee-uu","status":"publish","type":"post","link":"https:\/\/guayoyo24.com\/website\/2024\/05\/08\/biden-compara-hamas-con-hitler-y-condena-las-protestas-en-ee-uu\/","title":{"rendered":"Biden compara Ham\u00e1s con Hitler y condena las protestas en EE.UU."},"content":{"rendered":"<p>El presidente estadounidense, Joe Biden, asegur\u00f3 a la comunidad jud\u00eda de su pa\u00eds que se mantendr\u00e1 el apoyo a Israel por parte de su Gobierno y su partido, en medio de manifestaciones antiisrael\u00edes que contin\u00faan en universidades de EE.UU.<\/p>\n<p>Al hablar en una ceremonia anual de conmemoraci\u00f3n del Holocausto en el Capitolio, este martes, el mandatario conden\u00f3 la oleada de antisemitismo en EE.UU. y el mundo, y culp\u00f3 por ella al movimiento palestino\u00a0<strong>Ham\u00e1s<\/strong>\u00a0y la propaganda en redes sociales.<\/p>\n<p>Dirigi\u00e9ndose a un p\u00fablico compuesto\u00a0por congresistas, l\u00edderes jud\u00edos y supervivientes del Holocausto, Biden record\u00f3 que al llegar al poder en Alemania, en 1933,\u00a0<strong>Adolf Hitler\u00a0<\/strong>y su partido nazi lograron reavivar \u00abuna de las m\u00e1s antiguas formas de prejuicio y odio en el mundo, el antisemitismo\u00bb, lo que llev\u00f3 a la exterminaci\u00f3n de jud\u00edos durante la Segunda Guerra Mundial.<\/p>\n<p>\u00abEste antiguo odio a los jud\u00edos no comenz\u00f3 con el Holocausto ni termin\u00f3 con \u00e9l\u00bb,\u00a0<a href=\"https:\/\/www.youtube.com\/live\/wCArPyO7VTc?si=sLGt5tf98AiRMN4s&amp;t=789\" target=\"_blank\" rel=\"noopener noreferrer\">afirm\u00f3<\/a>, para luego se\u00f1alar que\u00a0<strong>\u00abcobr\u00f3 vida el 7 de octubre\u00bb<\/strong>\u00a0pasado, cuando Ham\u00e1s realiz\u00f3 una incursi\u00f3n en Israel que provoc\u00f3 unos 1.200 muertos y desat\u00f3 la respuesta militar de\u00a0Tel Aviv contra la Franja de Gaza, que ha dejado m\u00e1s de\u00a0<strong>34.000 palestinos muertos<\/strong>.<\/p>\n<p>\u00abMientras los jud\u00edos de todo el mundo siguen superando las atrocidades y el trauma de aquel d\u00eda y sus secuelas, hemos visto un feroz\u00a0<strong>auge del antisemitismo<\/strong>\u00a0en Estados Unidos y en todo el mundo\u00bb, afirm\u00f3.<\/p>\n<p>El presidente denunci\u00f3 que \u00abestudiantes jud\u00edos son\u00a0<strong>bloqueados, acosados y agredidos<\/strong>\u00a0en recintos universitarios\u00a0cuando se dirigen a clases\u00bb, y conden\u00f3 los \u00abcarteles y esl\u00f3ganes antisem\u00edticos\u00bb que abogan por la eliminaci\u00f3n de Israel.<\/p>\n<p>Aunque manifest\u00f3 su respeto a la<strong>\u00a0libertad de expresi\u00f3n y de protesta<\/strong>, Biden insisti\u00f3 en que no hay lugar\u00a0para la incitaci\u00f3n al odio, al antisemitismo o a las amenazas con violencia en ning\u00fan campus ni otra parte de EE.UU.<\/p>\n<p>\u00abTenemos la\u00a0<strong>obligaci\u00f3n<\/strong>\u00a0de aprender las lecciones de la historia para no entregar nuestro futuro a los horrores del pasado. No debemos darle ning\u00fan amparo al odio contra nadie\u00bb, enfatiz\u00f3.<\/p>\n<p>\u00abMi compromiso con la seguridad del pueblo jud\u00edo, la seguridad de Israel y su derecho a existir como Estado jud\u00edo independiente, es f\u00e9rreo\u00a0<strong>incluso cuando discrepamos<\/strong>\u00ab, asegur\u00f3 en una posible referencia a recientes declaraciones en las que Washington cuestiona la brutalidad de los bombardeos israel\u00edes contra Gaza.<\/p>\n<p>Desde mediados de abril, m\u00e1s de\u00a0<strong>2.000 manifestantes<\/strong>\u00a0propalestinos han sido detenidos\u00a0en recintos universitarios\u00a0de EE.UU. Una\u00a0<a href=\"https:\/\/iop.harvard.edu\/youth-poll\/47th-edition-spring-2024\" target=\"_blank\" rel=\"noopener noreferrer\">encuesta<\/a>\u00a0del Instituto de Pol\u00edtica de la Escuela Kennedy, de Harvard, revel\u00f3 que solo 18 % del electorado joven aprueba la manera en que Biden\u00a0act\u00faa frente\u00a0al conflicto de Gaza.<\/p>\n","protected":false},"excerpt":{"rendered":"<p>El presidente estadounidense, Joe Biden, asegur\u00f3 a la comunidad jud\u00eda de su pa\u00eds que se mantendr\u00e1 el apoyo a Israel por parte de su Gobierno y su partido, en medio de manifestaciones antiisrael\u00edes que contin\u00faan en universidades de EE.UU. Al hablar en una ceremonia anual de conmemoraci\u00f3n del Holocausto en el Capitolio, este martes, el &hellip;<\/p>\n","protected":false},"author":1,"featured_media":2909,"comment_status":"open","ping_status":"open","sticky":false,"template":"","format":"standard","meta":{"_eb_attr":"","_jetpack_memberships_contains_paid_content":false,"footnotes":""},"categories":[28],"tags":[],"class_list":["post-2908","post","type-post","status-publish","format-standard","has-post-thumbnail","hentry","category-mundo"],"jetpack_sharing_enabled":true,"jetpack_featured_media_url":"https:\/\/guayoyo24.com\/website\/wp-content\/uploads\/2024\/05\/663b2614e9ff7106655433b9.jpg","_links":{"self":[{"href":"https:\/\/guayoyo24.com\/website\/wp-json\/wp\/v2\/posts\/2908","targetHints":{"allow":["GET"]}}],"collection":[{"href":"https:\/\/guayoyo24.com\/website\/wp-json\/wp\/v2\/posts"}],"about":[{"href":"https:\/\/guayoyo24.com\/website\/wp-json\/wp\/v2\/types\/post"}],"author":[{"embeddable":true,"href":"https:\/\/guayoyo24.com\/website\/wp-json\/wp\/v2\/users\/1"}],"replies":[{"embeddable":true,"href":"https:\/\/guayoyo24.com\/website\/wp-json\/wp\/v2\/comments?post=2908"}],"version-history":[{"count":1,"href":"https:\/\/guayoyo24.com\/website\/wp-json\/wp\/v2\/posts\/2908\/revisions"}],"predecessor-version":[{"id":2910,"href":"https:\/\/guayoyo24.com\/website\/wp-json\/wp\/v2\/posts\/2908\/revisions\/2910"}],"wp:featuredmedia":[{"embeddable":true,"href":"https:\/\/guayoyo24.com\/website\/wp-json\/wp\/v2\/media\/2909"}],"wp:attachment":[{"href":"https:\/\/guayoyo24.com\/website\/wp-json\/wp\/v2\/media?parent=2908"}],"wp:term":[{"taxonomy":"category","embeddable":true,"href":"https:\/\/guayoyo24.com\/website\/wp-json\/wp\/v2\/categories?post=2908"},{"taxonomy":"post_tag","embeddable":true,"href":"https:\/\/guayoyo24.com\/website\/wp-json\/wp\/v2\/tags?post=2908"}],"curies":[{"name":"wp","href":"https:\/\/api.w.org\/{rel}","templated":true}]}}