{"id":29404,"date":"2026-02-16T14:41:23","date_gmt":"2026-02-16T18:41:23","guid":{"rendered":"https:\/\/guayoyo24.com\/website\/?p=29404"},"modified":"2026-02-16T14:41:23","modified_gmt":"2026-02-16T18:41:23","slug":"jj-rendon-sobre-el-chavismo-y-la-oposicion-deberan-aprender-a-convivir-politicamente-luego-de-un-nuevo-proceso-electoral","status":"publish","type":"post","link":"https:\/\/guayoyo24.com\/website\/2026\/02\/16\/jj-rendon-sobre-el-chavismo-y-la-oposicion-deberan-aprender-a-convivir-politicamente-luego-de-un-nuevo-proceso-electoral\/","title":{"rendered":"JJ Rend\u00f3n sobre el chavismo y la oposici\u00f3n: \u00abDeber\u00e1n aprender a convivir pol\u00edticamente luego de un nuevo proceso electoral\u00bb"},"content":{"rendered":"<p>El estratega J.J. Rend\u00f3n afirm\u00f3 este lunes 16 de febrero, en una entrevista concedida al medio EVTV, que las fuerzas del gobierno y la oposici\u00f3n venezolana tendr\u00e1n que establecer mecanismos de coexistencia tras una eventual celebraci\u00f3n de comicios en el pa\u00eds. Durante su intervenci\u00f3n, el asesor analiz\u00f3 el panorama institucional y el rol de las principales figuras de la pol\u00edtica nacional.<\/p>\n<p>Rend\u00f3n sostuvo que la liberaci\u00f3n de los presos pol\u00edticos debe ejecutarse mediante una Ley de Amnist\u00eda de aplicaci\u00f3n r\u00e1pida, bajo la premisa de realizar correcciones posteriores a la norma. Seg\u00fan su planteamiento, este paso es necesario para la transici\u00f3n, independientemente de que el texto legal requiera enmiendas en el futuro.<\/p>\n<p>El estratega concluy\u00f3 que el reconocimiento mutuo entre ambos sectores ser\u00e1 un requisito obligatorio en el escenario posterior a una consulta electoral.<\/p>\n","protected":false},"excerpt":{"rendered":"<p>El estratega J.J. Rend\u00f3n afirm\u00f3 este lunes 16 de febrero, en una entrevista concedida al medio EVTV, que las fuerzas del gobierno y la oposici\u00f3n venezolana tendr\u00e1n que establecer mecanismos de coexistencia tras una eventual celebraci\u00f3n de comicios en el pa\u00eds. Durante su intervenci\u00f3n, el asesor analiz\u00f3 el panorama institucional y el rol de las &hellip;<\/p>\n","protected":false},"author":1,"featured_media":29405,"comment_status":"open","ping_status":"open","sticky":false,"template":"","format":"standard","meta":{"_eb_attr":"","_jetpack_memberships_contains_paid_content":false,"footnotes":""},"categories":[26],"tags":[],"class_list":["post-29404","post","type-post","status-publish","format-standard","has-post-thumbnail","hentry","category-nacionales"],"jetpack_sharing_enabled":true,"jetpack_featured_media_url":"https:\/\/guayoyo24.com\/website\/wp-content\/uploads\/2026\/02\/jj-rendon-sobre-el-chavismo-y-la.jpg","_links":{"self":[{"href":"https:\/\/guayoyo24.com\/website\/wp-json\/wp\/v2\/posts\/29404","targetHints":{"allow":["GET"]}}],"collection":[{"href":"https:\/\/guayoyo24.com\/website\/wp-json\/wp\/v2\/posts"}],"about":[{"href":"https:\/\/guayoyo24.com\/website\/wp-json\/wp\/v2\/types\/post"}],"author":[{"embeddable":true,"href":"https:\/\/guayoyo24.com\/website\/wp-json\/wp\/v2\/users\/1"}],"replies":[{"embeddable":true,"href":"https:\/\/guayoyo24.com\/website\/wp-json\/wp\/v2\/comments?post=29404"}],"version-history":[{"count":1,"href":"https:\/\/guayoyo24.com\/website\/wp-json\/wp\/v2\/posts\/29404\/revisions"}],"predecessor-version":[{"id":29406,"href":"https:\/\/guayoyo24.com\/website\/wp-json\/wp\/v2\/posts\/29404\/revisions\/29406"}],"wp:featuredmedia":[{"embeddable":true,"href":"https:\/\/guayoyo24.com\/website\/wp-json\/wp\/v2\/media\/29405"}],"wp:attachment":[{"href":"https:\/\/guayoyo24.com\/website\/wp-json\/wp\/v2\/media?parent=29404"}],"wp:term":[{"taxonomy":"category","embeddable":true,"href":"https:\/\/guayoyo24.com\/website\/wp-json\/wp\/v2\/categories?post=29404"},{"taxonomy":"post_tag","embeddable":true,"href":"https:\/\/guayoyo24.com\/website\/wp-json\/wp\/v2\/tags?post=29404"}],"curies":[{"name":"wp","href":"https:\/\/api.w.org\/{rel}","templated":true}]}}