{"id":29602,"date":"2026-02-19T07:29:52","date_gmt":"2026-02-19T11:29:52","guid":{"rendered":"https:\/\/guayoyo24.com\/website\/?p=29602"},"modified":"2026-02-24T07:30:21","modified_gmt":"2026-02-24T11:30:21","slug":"homenaje-a-jesus-chavela-vidal-mundialito-de-futbol-sala-desde-este-viernes-en-poblacion-de-san-nicolas","status":"publish","type":"post","link":"https:\/\/guayoyo24.com\/website\/2026\/02\/19\/homenaje-a-jesus-chavela-vidal-mundialito-de-futbol-sala-desde-este-viernes-en-poblacion-de-san-nicolas\/","title":{"rendered":"Homenaje a Jes\u00fas \u201cChavela\u201d Vidal  Mundialito de f\u00fatbol sala desde este viernes en poblaci\u00f3n de San Nicol\u00e1s"},"content":{"rendered":"<p>&nbsp;<\/p>\n<p>Guanare.-<\/p>\n<p>Desde este viernes 20 de febrero en la cancha deportiva ubicada en la cancha techada de la Calle Dos de la poblaci\u00f3n de San Nicol\u00e1s se pone en marcha un campeonato invitacional denominado Mundialito de f\u00fatbol sala en homenaje al jugador guanare\u00f1o profesional Jes\u00fas Alfredo \u201cChavela\u201d Vidal.<\/p>\n<p>El desfile inaugural ser\u00e1 a partir de las tres de la tarde, de acuerdo a lo informado por Wilfredo Rodr\u00edguez, integrante del comit\u00e9 organizador.<\/p>\n<p>Las acciones se estar\u00e1n desarrollando por espacio de un mes en las categor\u00edas sub-12, sub-14 y sub-17 con ni\u00f1os y j\u00f3venes de los equipos Joga FC, Ca\u00f1o Colorado, Escuela Abd\u00f3n Rivero, La Isla II, Villa Coromoto, Escuela Alexander Garc\u00eda de San Isidro y el equipo anfitri\u00f3n.<\/p>\n<p>El evento cuenta con el aval de la asociaci\u00f3n de f\u00fatbol de esta entidad llanera<\/p>\n","protected":false},"excerpt":{"rendered":"<p>&nbsp; Guanare.- Desde este viernes 20 de febrero en la cancha deportiva ubicada en la cancha techada de la Calle Dos de la poblaci\u00f3n de San Nicol\u00e1s se pone en marcha un campeonato invitacional denominado Mundialito de f\u00fatbol sala en homenaje al jugador guanare\u00f1o profesional Jes\u00fas Alfredo \u201cChavela\u201d Vidal. El desfile inaugural ser\u00e1 a partir &hellip;<\/p>\n","protected":false},"author":1,"featured_media":29599,"comment_status":"open","ping_status":"open","sticky":false,"template":"","format":"standard","meta":{"_eb_attr":"","_jetpack_memberships_contains_paid_content":false,"footnotes":""},"categories":[29],"tags":[],"class_list":["post-29602","post","type-post","status-publish","format-standard","has-post-thumbnail","hentry","category-deportes"],"jetpack_sharing_enabled":true,"jetpack_featured_media_url":"https:\/\/guayoyo24.com\/website\/wp-content\/uploads\/2026\/02\/WhatsApp-Image-2026-02-19-at-3.34.17-PM.jpeg","_links":{"self":[{"href":"https:\/\/guayoyo24.com\/website\/wp-json\/wp\/v2\/posts\/29602","targetHints":{"allow":["GET"]}}],"collection":[{"href":"https:\/\/guayoyo24.com\/website\/wp-json\/wp\/v2\/posts"}],"about":[{"href":"https:\/\/guayoyo24.com\/website\/wp-json\/wp\/v2\/types\/post"}],"author":[{"embeddable":true,"href":"https:\/\/guayoyo24.com\/website\/wp-json\/wp\/v2\/users\/1"}],"replies":[{"embeddable":true,"href":"https:\/\/guayoyo24.com\/website\/wp-json\/wp\/v2\/comments?post=29602"}],"version-history":[{"count":1,"href":"https:\/\/guayoyo24.com\/website\/wp-json\/wp\/v2\/posts\/29602\/revisions"}],"predecessor-version":[{"id":29603,"href":"https:\/\/guayoyo24.com\/website\/wp-json\/wp\/v2\/posts\/29602\/revisions\/29603"}],"wp:featuredmedia":[{"embeddable":true,"href":"https:\/\/guayoyo24.com\/website\/wp-json\/wp\/v2\/media\/29599"}],"wp:attachment":[{"href":"https:\/\/guayoyo24.com\/website\/wp-json\/wp\/v2\/media?parent=29602"}],"wp:term":[{"taxonomy":"category","embeddable":true,"href":"https:\/\/guayoyo24.com\/website\/wp-json\/wp\/v2\/categories?post=29602"},{"taxonomy":"post_tag","embeddable":true,"href":"https:\/\/guayoyo24.com\/website\/wp-json\/wp\/v2\/tags?post=29602"}],"curies":[{"name":"wp","href":"https:\/\/api.w.org\/{rel}","templated":true}]}}