{"id":30467,"date":"2026-04-08T20:14:05","date_gmt":"2026-04-09T00:14:05","guid":{"rendered":"https:\/\/guayoyo24.com\/website\/?p=30467"},"modified":"2026-04-08T20:14:05","modified_gmt":"2026-04-09T00:14:05","slug":"desarrollan-foro-denominado-venezuela-en-el-contexto-global","status":"publish","type":"post","link":"https:\/\/guayoyo24.com\/website\/2026\/04\/08\/desarrollan-foro-denominado-venezuela-en-el-contexto-global\/","title":{"rendered":"Desarrollan Foro denominado \u00abVenezuela en el contexto global\u00bb"},"content":{"rendered":"<p>&nbsp;<\/p>\n<p>Especial.-<\/p>\n<p>Desde la instalaciones del Liceo Arist\u00f3bulo Izturiz en P\u00edritu, municipio Esteller, se realiz\u00f3 el II Foro denominado \u00abVenezuela en el contexto global\u00bb.<\/p>\n<p>Mairim Uranga, responsable de medios y redes del II FORO estudiante del 5to a\u00f1o secci\u00f3n C, inform\u00f3 que la actividad fue realizada por los estudiantes de la III Promoci\u00f3n de Bachilleres en Ciencias, a trav\u00e9s del \u00e1rea de Formaci\u00f3n Geograf\u00eda Historia y Ciudadan\u00eda de la profesora responsable del \u00e1rea de Bertha Ara\u00fajo.<\/p>\n<p>El foro tuvo como actores 5 panelistas que desarrollaron temas de inter\u00e9s para el fortalecimiento de Venezuela en el contexto global en materia de exportaciones y fortalecimiento econ\u00f3mico y comercial.<\/p>\n<p><img fetchpriority=\"high\" decoding=\"async\" class=\"alignnone size-large wp-image-30417\" src=\"https:\/\/guayoyo24.com\/website\/wp-content\/uploads\/2026\/04\/WhatsApp-Image-2026-04-08-at-6.15.36-PM-1-1024x768.jpeg\" alt=\"\" width=\"1024\" height=\"768\" srcset=\"https:\/\/guayoyo24.com\/website\/wp-content\/uploads\/2026\/04\/WhatsApp-Image-2026-04-08-at-6.15.36-PM-1-1024x768.jpeg 1024w, https:\/\/guayoyo24.com\/website\/wp-content\/uploads\/2026\/04\/WhatsApp-Image-2026-04-08-at-6.15.36-PM-1-300x225.jpeg 300w, https:\/\/guayoyo24.com\/website\/wp-content\/uploads\/2026\/04\/WhatsApp-Image-2026-04-08-at-6.15.36-PM-1-768x576.jpeg 768w, https:\/\/guayoyo24.com\/website\/wp-content\/uploads\/2026\/04\/WhatsApp-Image-2026-04-08-at-6.15.36-PM-1.jpeg 1280w\" sizes=\"(max-width: 1024px) 100vw, 1024px\" \/> <img decoding=\"async\" class=\"alignnone size-large wp-image-30418\" src=\"https:\/\/guayoyo24.com\/website\/wp-content\/uploads\/2026\/04\/WhatsApp-Image-2026-04-08-at-6.15.36-PM-1024x768.jpeg\" alt=\"\" width=\"1024\" height=\"768\" srcset=\"https:\/\/guayoyo24.com\/website\/wp-content\/uploads\/2026\/04\/WhatsApp-Image-2026-04-08-at-6.15.36-PM-1024x768.jpeg 1024w, https:\/\/guayoyo24.com\/website\/wp-content\/uploads\/2026\/04\/WhatsApp-Image-2026-04-08-at-6.15.36-PM-300x225.jpeg 300w, https:\/\/guayoyo24.com\/website\/wp-content\/uploads\/2026\/04\/WhatsApp-Image-2026-04-08-at-6.15.36-PM-768x576.jpeg 768w, https:\/\/guayoyo24.com\/website\/wp-content\/uploads\/2026\/04\/WhatsApp-Image-2026-04-08-at-6.15.36-PM.jpeg 1280w\" sizes=\"(max-width: 1024px) 100vw, 1024px\" \/> <img decoding=\"async\" class=\"alignnone size-large wp-image-30420\" src=\"https:\/\/guayoyo24.com\/website\/wp-content\/uploads\/2026\/04\/WhatsApp-Image-2026-04-08-at-6.15.34-PM-1024x768.jpeg\" alt=\"\" width=\"1024\" height=\"768\" srcset=\"https:\/\/guayoyo24.com\/website\/wp-content\/uploads\/2026\/04\/WhatsApp-Image-2026-04-08-at-6.15.34-PM-1024x768.jpeg 1024w, https:\/\/guayoyo24.com\/website\/wp-content\/uploads\/2026\/04\/WhatsApp-Image-2026-04-08-at-6.15.34-PM-300x225.jpeg 300w, https:\/\/guayoyo24.com\/website\/wp-content\/uploads\/2026\/04\/WhatsApp-Image-2026-04-08-at-6.15.34-PM-768x576.jpeg 768w, https:\/\/guayoyo24.com\/website\/wp-content\/uploads\/2026\/04\/WhatsApp-Image-2026-04-08-at-6.15.34-PM.jpeg 1280w\" sizes=\"(max-width: 1024px) 100vw, 1024px\" \/><\/p>\n","protected":false},"excerpt":{"rendered":"<p>&nbsp; Especial.- Desde la instalaciones del Liceo Arist\u00f3bulo Izturiz en P\u00edritu, municipio Esteller, se realiz\u00f3 el II Foro denominado \u00abVenezuela en el contexto global\u00bb. Mairim Uranga, responsable de medios y redes del II FORO estudiante del 5to a\u00f1o secci\u00f3n C, inform\u00f3 que la actividad fue realizada por los estudiantes de la III Promoci\u00f3n de Bachilleres &hellip;<\/p>\n","protected":false},"author":1,"featured_media":30419,"comment_status":"open","ping_status":"open","sticky":false,"template":"","format":"standard","meta":{"_eb_attr":"","_jetpack_memberships_contains_paid_content":false,"footnotes":""},"categories":[25],"tags":[],"class_list":["post-30467","post","type-post","status-publish","format-standard","has-post-thumbnail","hentry","category-region"],"jetpack_sharing_enabled":true,"jetpack_featured_media_url":"https:\/\/guayoyo24.com\/website\/wp-content\/uploads\/2026\/04\/WhatsApp-Image-2026-04-08-at-6.15.35-PM.jpeg","_links":{"self":[{"href":"https:\/\/guayoyo24.com\/website\/wp-json\/wp\/v2\/posts\/30467","targetHints":{"allow":["GET"]}}],"collection":[{"href":"https:\/\/guayoyo24.com\/website\/wp-json\/wp\/v2\/posts"}],"about":[{"href":"https:\/\/guayoyo24.com\/website\/wp-json\/wp\/v2\/types\/post"}],"author":[{"embeddable":true,"href":"https:\/\/guayoyo24.com\/website\/wp-json\/wp\/v2\/users\/1"}],"replies":[{"embeddable":true,"href":"https:\/\/guayoyo24.com\/website\/wp-json\/wp\/v2\/comments?post=30467"}],"version-history":[{"count":2,"href":"https:\/\/guayoyo24.com\/website\/wp-json\/wp\/v2\/posts\/30467\/revisions"}],"predecessor-version":[{"id":30469,"href":"https:\/\/guayoyo24.com\/website\/wp-json\/wp\/v2\/posts\/30467\/revisions\/30469"}],"wp:featuredmedia":[{"embeddable":true,"href":"https:\/\/guayoyo24.com\/website\/wp-json\/wp\/v2\/media\/30419"}],"wp:attachment":[{"href":"https:\/\/guayoyo24.com\/website\/wp-json\/wp\/v2\/media?parent=30467"}],"wp:term":[{"taxonomy":"category","embeddable":true,"href":"https:\/\/guayoyo24.com\/website\/wp-json\/wp\/v2\/categories?post=30467"},{"taxonomy":"post_tag","embeddable":true,"href":"https:\/\/guayoyo24.com\/website\/wp-json\/wp\/v2\/tags?post=30467"}],"curies":[{"name":"wp","href":"https:\/\/api.w.org\/{rel}","templated":true}]}}