{"id":31162,"date":"2026-04-27T18:23:45","date_gmt":"2026-04-27T22:23:45","guid":{"rendered":"https:\/\/guayoyo24.com\/website\/?p=31162"},"modified":"2026-04-27T18:23:45","modified_gmt":"2026-04-27T22:23:45","slug":"monsenor-gerardo-salas-presidio-la-eucaristia-e-invito-a-ser-signo-vivo-del-amor-de-dios","status":"publish","type":"post","link":"https:\/\/guayoyo24.com\/website\/2026\/04\/27\/monsenor-gerardo-salas-presidio-la-eucaristia-e-invito-a-ser-signo-vivo-del-amor-de-dios\/","title":{"rendered":"Monse\u00f1or Gerardo Salas presidi\u00f3 la eucarist\u00eda e invit\u00f3 a \u00abser signo vivo del amor de Dios\u00bb"},"content":{"rendered":"<p style=\"text-align: justify;\">Mayami Alvarado.-<\/p>\n<p style=\"text-align: justify;\">Monse\u00f1or Gerardo Salas Arjona, obispo de la Di\u00f3cesis de Acarigua-Araure presidi\u00f3 la sagrada eucarist\u00eda de este domingo 26 de abril, en parroquia Sagrario Catedral Nuestra Se\u00f1ora de la Corteza.<\/p>\n<p style=\"text-align: justify;\">La misa del \u00abBuen Pastor\u00bb, el que da la vida por sus ovejas, se corresponde con la celebraci\u00f3n de la Jornada Mundial de Oraci\u00f3n por las Vacaciones Sacerdotales, que promueve la iglesia cat\u00f3lica, a manera de fortalecer el llamado hacia este sagrado ministerio en las di\u00f3cesis del mundo.<br \/>\nInici\u00f3 su discertaci\u00f3n el obispo invocando al esp\u00edritu santo, para que descienda, ilumine y siga pastoreando la di\u00f3cesis que le ha sido encomendada.<\/p>\n<p style=\"text-align: justify;\">En este encuentro, Jes\u00fas resucitado est\u00e1 presente entre nosotros para darnos vida en abundancia, una vida que solo tendremos \u00absi le abrimos nuestro coraz\u00f3n\u00bb, expres\u00f3.<br \/>\nLa invitaci\u00f3n que hace el Se\u00f1or a trav\u00e9s de las escrituras es, en primer lugar,a reconocer la voz de Cristo, tener la certeza de que \u00c9l siempre nos acompa\u00f1a, nos alimenta, nos cautiva, y a no escuchar la voz del mundo, porque la mayor\u00eda de las veces nos manipula, \u00abnos presenta una paz disfrazada\u00bb, dijo.<br \/>\nS\u00f3lo si escuchamos la voz de Cristo podremos encontrar esa paz y actuar bajo los designios del coraz\u00f3n.<br \/>\nDe aqu\u00ed su llamado a dejarse cautivar por la palabra de Dios, para entender y comprender cu\u00e1l es su plan, cu\u00e1l es el proyecto que Dios ha trazado para cada uno de nosotros.<br \/>\nAcompa\u00f1emos a nuestro Se\u00f1or, entremos por la puerta estrecha, reconozcamos su voz, \u00e9l llama a cada uno por su nombre, afinemos el ejercicio de la escucha que nos impulsa al actuar con amor, alegr\u00eda, paz, hacia cada uno de nuestros hermanos, manifest\u00f3.<br \/>\nAsimismo, el prelado se permiti\u00f3 preguntar, c\u00f3mo est\u00e1 ese reconocimiento para con el Se\u00f1or?, c\u00f3mo escuchamos la voz de Jes\u00fas?; ese reconocimiento del bien, debe conducir a la alegr\u00eda, la felicidad a la paz en la cultura del amor, a la integridad, a la ternura, al compromiso. Una vez que escuchemos esa voz, seremos corresponsables de ser signo vivo del amor de Dios, enfatiz\u00f3.<\/p>\n<p style=\"text-align: justify;\">Para finalizar, recalc\u00f3 que la experiencia de Pentecost\u00e9s haga preguntarnos: soy buen pastor? , en qu\u00e9 me distingo para agradar al Se\u00f1or?.<br \/>\nEl Evangelio proclamado fue el de Juan 10, 1-10 \u00abYo he venido para que tengan vida y la tengan en abundancia\u00bb<\/p>\n","protected":false},"excerpt":{"rendered":"<p>Mayami Alvarado.- Monse\u00f1or Gerardo Salas Arjona, obispo de la Di\u00f3cesis de Acarigua-Araure presidi\u00f3 la sagrada eucarist\u00eda de este domingo 26 de abril, en parroquia Sagrario Catedral Nuestra Se\u00f1ora de la Corteza. La misa del \u00abBuen Pastor\u00bb, el que da la vida por sus ovejas, se corresponde con la celebraci\u00f3n de la Jornada Mundial de Oraci\u00f3n &hellip;<\/p>\n","protected":false},"author":1,"featured_media":31163,"comment_status":"open","ping_status":"open","sticky":false,"template":"","format":"standard","meta":{"_eb_attr":"","_jetpack_memberships_contains_paid_content":false,"footnotes":""},"categories":[25],"tags":[],"class_list":["post-31162","post","type-post","status-publish","format-standard","has-post-thumbnail","hentry","category-region"],"jetpack_sharing_enabled":true,"jetpack_featured_media_url":"https:\/\/guayoyo24.com\/website\/wp-content\/uploads\/2026\/04\/WhatsApp-Image-2026-04-27-at-7.16.48-AM.jpeg","_links":{"self":[{"href":"https:\/\/guayoyo24.com\/website\/wp-json\/wp\/v2\/posts\/31162","targetHints":{"allow":["GET"]}}],"collection":[{"href":"https:\/\/guayoyo24.com\/website\/wp-json\/wp\/v2\/posts"}],"about":[{"href":"https:\/\/guayoyo24.com\/website\/wp-json\/wp\/v2\/types\/post"}],"author":[{"embeddable":true,"href":"https:\/\/guayoyo24.com\/website\/wp-json\/wp\/v2\/users\/1"}],"replies":[{"embeddable":true,"href":"https:\/\/guayoyo24.com\/website\/wp-json\/wp\/v2\/comments?post=31162"}],"version-history":[{"count":2,"href":"https:\/\/guayoyo24.com\/website\/wp-json\/wp\/v2\/posts\/31162\/revisions"}],"predecessor-version":[{"id":31165,"href":"https:\/\/guayoyo24.com\/website\/wp-json\/wp\/v2\/posts\/31162\/revisions\/31165"}],"wp:featuredmedia":[{"embeddable":true,"href":"https:\/\/guayoyo24.com\/website\/wp-json\/wp\/v2\/media\/31163"}],"wp:attachment":[{"href":"https:\/\/guayoyo24.com\/website\/wp-json\/wp\/v2\/media?parent=31162"}],"wp:term":[{"taxonomy":"category","embeddable":true,"href":"https:\/\/guayoyo24.com\/website\/wp-json\/wp\/v2\/categories?post=31162"},{"taxonomy":"post_tag","embeddable":true,"href":"https:\/\/guayoyo24.com\/website\/wp-json\/wp\/v2\/tags?post=31162"}],"curies":[{"name":"wp","href":"https:\/\/api.w.org\/{rel}","templated":true}]}}