{"id":31211,"date":"2026-04-28T10:25:55","date_gmt":"2026-04-28T14:25:55","guid":{"rendered":"https:\/\/guayoyo24.com\/website\/?p=31211"},"modified":"2026-04-28T10:25:58","modified_gmt":"2026-04-28T14:25:58","slug":"expertos-estiman-un-ciclo-normal-de-lluvias-con-la-entrada-formal-en-la-primera-quincena-de-mayo","status":"publish","type":"post","link":"https:\/\/guayoyo24.com\/website\/2026\/04\/28\/expertos-estiman-un-ciclo-normal-de-lluvias-con-la-entrada-formal-en-la-primera-quincena-de-mayo\/","title":{"rendered":"Expertos estiman un \u201cciclo normal de lluvias\u201d con la entrada formal en la primera quincena de mayo"},"content":{"rendered":"<p style=\"text-align: justify;\"><strong>Mar\u00eda Beatriz Parilli\/Prensa, Asoportuguesa<\/strong><\/p>\n<p style=\"text-align: justify;\">El Observatorio Nacional de la Crisis Clim\u00e1tica del Ministerio para el Ecosocialismo prev\u00e9 la entrada formal de las lluvias entre el 1 al 15 de mayo, tiempo que considera ideal para el inicio de la pr\u00f3xima siembra de ma\u00edz blanco y amarillo del ciclo invierno 2026, si se cumplen las proyecciones.<\/p>\n<p style=\"text-align: justify;\">As\u00ed lo afirmaron funcionarios de la instituci\u00f3n, en una charla promovida por la Asociaci\u00f3n de Productores Rurales del estado Portuguesa (Asoportuguesa), para actualizar a agricultores propios y aliados sobre las estimaciones clim\u00e1ticas y las predicciones de lluvia que se tienen para este estado, donde se produce gran parte del ma\u00edz y arroz que se consume a nivel nacional.<\/p>\n<p style=\"text-align: justify;\">Seg\u00fan sus registros pluviom\u00e9tricos, el observatorio calcula que en la primera quincena de mayo de este a\u00f1o, caigan entre 110 y 150 mil\u00edmetros de agua, distribuidas en las zonas de Tur\u00e9n y Esteller, que son los ejes principales donde Asoportuguesa concentra buena parte de su siembra.<\/p>\n<p style=\"text-align: justify;\">Los funcionarios aclararon que, aunque se proyecta que mayo pueda tener m\u00e1s precipitaciones de lo habitual, el per\u00edodo de lluvias finalmente se establecer\u00e1 cuando se tengan las condiciones de humedad necesarias, es decir, que en un lapso de 10 d\u00edas continuos los suelos agr\u00edcolas acumulen 80 mil\u00edmetros de agua.<\/p>\n<p style=\"text-align: justify;\">En tal sentido, destacaron que estos son momentos de preparar la tierra y acopiar los insumos para la pr\u00f3xima siembra de ma\u00edz blanco y amarillo, para la cual el Observatorio Nacional de la Crisis Clim\u00e1tica estima que el r\u00e9gimen de lluvias sea similar a un ciclo normal dentro de las estad\u00edsticas habituales de precipitaciones.<\/p>\n<p style=\"text-align: justify;\">Jos\u00e9 Pereira, viceministro para la Preservaci\u00f3n de la Vida y la Biodiversidad, destac\u00f3 que para este a\u00f1o tambi\u00e9n se estar\u00eda en presencia del fen\u00f3meno El Ni\u00f1o, que posiblemente sea de car\u00e1cter moderado a fuerte, con menos agua de lo normal.<\/p>\n<p style=\"text-align: justify;\">Al respecto, Julio Cabanerit, director del Observatorio Nacional de la Crisis Clim\u00e1tica del Ministerio para el Ecosocialismo, indic\u00f3 que a partir de mayo estar\u00eda estableci\u00e9ndose este fen\u00f3meno climat\u00f3logo en el Pac\u00edfico Ecuatoriano, conllevando a que en Venezuela pueda disminuir el r\u00e9gimen pluviom\u00e9trico para el \u00faltimo trimestre de este a\u00f1o.<\/p>\n<p style=\"text-align: justify;\">El observatorio anunci\u00f3 que, en colaboraci\u00f3n con el Instituto Nacional de Meteorolog\u00eda e Hidrolog\u00eda (Inameh), semanalmente estar\u00e1 emitiendo un bolet\u00edn climatol\u00f3gico por sus redes sociales y grupos de difusi\u00f3n digital, lo que facilitar\u00e1 a los agricultores hacer seguimiento y tomar sus previsiones, seg\u00fan los indicadores de monitoreo de sequ\u00eda, \u00edndice de vegetaci\u00f3n y amplitud t\u00e9rmica.<\/p>\n<p style=\"text-align: justify;\">La meta de siembra de ma\u00edz para este a\u00f1o, seg\u00fan Fedeagro, ronda las 400.000 hect\u00e1reas, esperando que se superen las 330.000 que se habr\u00edan cultivado en el 2025 y de las cuales 150.000 ha corresponden a Portuguesa.<\/p>\n<p style=\"text-align: justify;\">Variabilidad<\/p>\n<p style=\"text-align: justify;\">A pesar de estas primeras estimaciones, los funcionarios fueron enf\u00e1ticos en que los agricultores deben estar pendiente y en constante monitoreo, ya que las condiciones pueden variar de acuerdo con los cambios clim\u00e1ticos que se viven, cada vez, con mayor intensidad.<\/p>\n<p style=\"text-align: justify;\">En el caso de Portuguesa, hay zonas de Ospino que se encuentran a pie de monte, donde las lluvias de abril han favorecido las condiciones del terreno, por lo que algunos agricultores ya comenzaron las labores de siembra.<\/p>\n<p style=\"text-align: justify;\">En otras zonas maiceras de los municipios Tur\u00e9n, Santa Rosal\u00eda y Esteller, el cultivo posiblemente arranque en la primera quincena de mayo, per\u00edodo \u00f3ptimo de siembra, seg\u00fan los registros hist\u00f3ricos que se llevan a nivel agr\u00edcola.<\/p>\n","protected":false},"excerpt":{"rendered":"<p>Mar\u00eda Beatriz Parilli\/Prensa, Asoportuguesa El Observatorio Nacional de la Crisis Clim\u00e1tica del Ministerio para el Ecosocialismo prev\u00e9 la entrada formal de las lluvias entre el 1 al 15 de mayo, tiempo que considera ideal para el inicio de la pr\u00f3xima siembra de ma\u00edz blanco y amarillo del ciclo invierno 2026, si se cumplen las proyecciones. &hellip;<\/p>\n","protected":false},"author":1,"featured_media":31212,"comment_status":"open","ping_status":"open","sticky":false,"template":"","format":"standard","meta":{"_eb_attr":"","_jetpack_memberships_contains_paid_content":false,"footnotes":""},"categories":[25],"tags":[],"class_list":["post-31211","post","type-post","status-publish","format-standard","has-post-thumbnail","hentry","category-region"],"jetpack_sharing_enabled":true,"jetpack_featured_media_url":"https:\/\/guayoyo24.com\/website\/wp-content\/uploads\/2026\/04\/WhatsApp-Image-2026-04-28-at-7.21.21-AM.jpeg","_links":{"self":[{"href":"https:\/\/guayoyo24.com\/website\/wp-json\/wp\/v2\/posts\/31211","targetHints":{"allow":["GET"]}}],"collection":[{"href":"https:\/\/guayoyo24.com\/website\/wp-json\/wp\/v2\/posts"}],"about":[{"href":"https:\/\/guayoyo24.com\/website\/wp-json\/wp\/v2\/types\/post"}],"author":[{"embeddable":true,"href":"https:\/\/guayoyo24.com\/website\/wp-json\/wp\/v2\/users\/1"}],"replies":[{"embeddable":true,"href":"https:\/\/guayoyo24.com\/website\/wp-json\/wp\/v2\/comments?post=31211"}],"version-history":[{"count":1,"href":"https:\/\/guayoyo24.com\/website\/wp-json\/wp\/v2\/posts\/31211\/revisions"}],"predecessor-version":[{"id":31213,"href":"https:\/\/guayoyo24.com\/website\/wp-json\/wp\/v2\/posts\/31211\/revisions\/31213"}],"wp:featuredmedia":[{"embeddable":true,"href":"https:\/\/guayoyo24.com\/website\/wp-json\/wp\/v2\/media\/31212"}],"wp:attachment":[{"href":"https:\/\/guayoyo24.com\/website\/wp-json\/wp\/v2\/media?parent=31211"}],"wp:term":[{"taxonomy":"category","embeddable":true,"href":"https:\/\/guayoyo24.com\/website\/wp-json\/wp\/v2\/categories?post=31211"},{"taxonomy":"post_tag","embeddable":true,"href":"https:\/\/guayoyo24.com\/website\/wp-json\/wp\/v2\/tags?post=31211"}],"curies":[{"name":"wp","href":"https:\/\/api.w.org\/{rel}","templated":true}]}}