{"id":31218,"date":"2026-04-28T10:41:18","date_gmt":"2026-04-28T14:41:18","guid":{"rendered":"https:\/\/guayoyo24.com\/website\/?p=31218"},"modified":"2026-04-28T10:41:18","modified_gmt":"2026-04-28T14:41:18","slug":"el-sistema-portuguesa-fortalece-la-identidad-musical-regional-con-gala-de-la-orquesta-regional-don-antonio-torrealba","status":"publish","type":"post","link":"https:\/\/guayoyo24.com\/website\/2026\/04\/28\/el-sistema-portuguesa-fortalece-la-identidad-musical-regional-con-gala-de-la-orquesta-regional-don-antonio-torrealba\/","title":{"rendered":"El Sistema Portuguesa fortalece la identidad musical regional con gala de la Orquesta Regional \u201cDon Antonio Torrealba\u201d"},"content":{"rendered":"<p style=\"text-align: justify;\">Jorveis Ortegano Valecillo\/Prensa \u2013 El Sistema Portuguesa.-<\/p>\n<p style=\"text-align: justify;\">El Sistema Nacional de Orquestas y Coros Juveniles e Infantiles de Venezuela, a trav\u00e9s de su Gerencia Estadal en Portuguesa, celebr\u00f3 con \u00e9xito el reciente concierto de la Orquesta Regional Alma Llanera \u201cDon Antonio Torrealba\u201d. El evento, realizado en los espacios de la Plaza Bol\u00edvar de Guanare, fue una vitrina de los logros pedag\u00f3gicos y art\u00edsticos del Programa Alma Llanera en la entidad.<br \/>\nLa agrupaci\u00f3n, integrada por 61 j\u00f3venes talentos provenientes de los n\u00facleos Guanare, Ospino, Papel\u00f3n, Guanarito, San Genaro de Boconoito y Biscucuy, demostr\u00f3 el trabajo y la disciplina de los m\u00fasicos que se forman bajo la filosof\u00eda de El Sistema.<\/p>\n<p style=\"text-align: justify;\">La ejecuci\u00f3n musical estuvo marcada por una batuta compartida entre Francisco Garc\u00eda, Juan Andr\u00e9s Albarr\u00e1n, Edwen Barrios y Diego Padilla, bajo la coordinaci\u00f3n de Elg\u00e9nesis Haricapa. El programa incluy\u00f3 obras como Caf\u00e9 de Barlovento, Como llora una estrella, La negra Atilia y Gavil\u00e1n Jazznero, donde cont\u00f3 con la participaci\u00f3n solista en el canto de Zuriel Villamizar.<br \/>\n*Estrenos con sello llanero<br \/>\nUno de los pilares de la jornada fue el estreno de dos obras in\u00e9ditas con arreglos para esta orquestaci\u00f3n del maestro compositor y arreglista, Eduardo Arocha: \u201cPortuguese\u00f1a\u201d y \u201cDon Antonio Torrealba\u201d. El maestro Arocha, destac\u00f3 la importancia de integrar la memoria oral y la vivencia personal en el curr\u00edculo formativo de los j\u00f3venes.<br \/>\nDurante su intervenci\u00f3n, Arocha enfatiz\u00f3 la necesidad de integrar la memoria oral y la vivencia hist\u00f3rica en el curr\u00edculo formativo de los j\u00f3venes m\u00fasicos. \u201cEs un privilegio compartir estas piezas como Portuguese\u00f1a que es un homenaje a las mujeres de esta regi\u00f3n y de Don Antonio, que es un tributo al maestro cultor cuatrista, violinista, guitarrista, bandolista, luthier y compositor guanarite\u00f1o\u201d, dijo.<\/p>\n<p style=\"text-align: justify;\">Destac\u00f3 que estas piezas no son solo m\u00fasica; \u201cson testimonios de una \u00e9poca y de una disciplina que hoy El Sistema eleva a un nivel de excelencia acad\u00e9mica\u201d, se\u00f1al\u00f3 el compositor, al tiempo que record\u00f3 la rigurosidad t\u00e9cnica que el maestro Torrealba exig\u00eda en la afinaci\u00f3n y la responsabilidad art\u00edstica.<\/p>\n<p><img fetchpriority=\"high\" decoding=\"async\" class=\"alignnone size-large wp-image-31222\" src=\"https:\/\/guayoyo24.com\/website\/wp-content\/uploads\/2026\/04\/5150186059227401598-1024x768.jpg\" alt=\"\" width=\"1024\" height=\"768\" srcset=\"https:\/\/guayoyo24.com\/website\/wp-content\/uploads\/2026\/04\/5150186059227401598-1024x768.jpg 1024w, https:\/\/guayoyo24.com\/website\/wp-content\/uploads\/2026\/04\/5150186059227401598-300x225.jpg 300w, https:\/\/guayoyo24.com\/website\/wp-content\/uploads\/2026\/04\/5150186059227401598-768x576.jpg 768w, https:\/\/guayoyo24.com\/website\/wp-content\/uploads\/2026\/04\/5150186059227401598.jpg 1280w\" sizes=\"(max-width: 1024px) 100vw, 1024px\" \/> <img decoding=\"async\" class=\"alignnone size-large wp-image-31221\" src=\"https:\/\/guayoyo24.com\/website\/wp-content\/uploads\/2026\/04\/5150186059227401601-1024x768.jpg\" alt=\"\" width=\"1024\" height=\"768\" srcset=\"https:\/\/guayoyo24.com\/website\/wp-content\/uploads\/2026\/04\/5150186059227401601-1024x768.jpg 1024w, https:\/\/guayoyo24.com\/website\/wp-content\/uploads\/2026\/04\/5150186059227401601-300x225.jpg 300w, https:\/\/guayoyo24.com\/website\/wp-content\/uploads\/2026\/04\/5150186059227401601-768x576.jpg 768w, https:\/\/guayoyo24.com\/website\/wp-content\/uploads\/2026\/04\/5150186059227401601.jpg 1280w\" sizes=\"(max-width: 1024px) 100vw, 1024px\" \/> <img decoding=\"async\" class=\"alignnone size-large wp-image-31220\" src=\"https:\/\/guayoyo24.com\/website\/wp-content\/uploads\/2026\/04\/5150186059227401602-768x1024.jpg\" alt=\"\" width=\"768\" height=\"1024\" srcset=\"https:\/\/guayoyo24.com\/website\/wp-content\/uploads\/2026\/04\/5150186059227401602-768x1024.jpg 768w, https:\/\/guayoyo24.com\/website\/wp-content\/uploads\/2026\/04\/5150186059227401602-225x300.jpg 225w, https:\/\/guayoyo24.com\/website\/wp-content\/uploads\/2026\/04\/5150186059227401602.jpg 960w\" sizes=\"(max-width: 768px) 100vw, 768px\" \/> <img loading=\"lazy\" decoding=\"async\" class=\"alignnone size-large wp-image-31219\" src=\"https:\/\/guayoyo24.com\/website\/wp-content\/uploads\/2026\/04\/5150186059227401599-1024x768.jpg\" alt=\"\" width=\"1024\" height=\"768\" srcset=\"https:\/\/guayoyo24.com\/website\/wp-content\/uploads\/2026\/04\/5150186059227401599-1024x768.jpg 1024w, https:\/\/guayoyo24.com\/website\/wp-content\/uploads\/2026\/04\/5150186059227401599-300x225.jpg 300w, https:\/\/guayoyo24.com\/website\/wp-content\/uploads\/2026\/04\/5150186059227401599-768x576.jpg 768w, https:\/\/guayoyo24.com\/website\/wp-content\/uploads\/2026\/04\/5150186059227401599.jpg 1280w\" sizes=\"(max-width: 1024px) 100vw, 1024px\" \/><\/p>\n","protected":false},"excerpt":{"rendered":"<p>Jorveis Ortegano Valecillo\/Prensa \u2013 El Sistema Portuguesa.- El Sistema Nacional de Orquestas y Coros Juveniles e Infantiles de Venezuela, a trav\u00e9s de su Gerencia Estadal en Portuguesa, celebr\u00f3 con \u00e9xito el reciente concierto de la Orquesta Regional Alma Llanera \u201cDon Antonio Torrealba\u201d. El evento, realizado en los espacios de la Plaza Bol\u00edvar de Guanare, fue &hellip;<\/p>\n","protected":false},"author":1,"featured_media":31222,"comment_status":"open","ping_status":"open","sticky":false,"template":"","format":"standard","meta":{"_eb_attr":"","_jetpack_memberships_contains_paid_content":false,"footnotes":""},"categories":[34,31],"tags":[],"class_list":["post-31218","post","type-post","status-publish","format-standard","has-post-thumbnail","hentry","category-guayoyo24","category-arte-cultura"],"jetpack_sharing_enabled":true,"jetpack_featured_media_url":"https:\/\/guayoyo24.com\/website\/wp-content\/uploads\/2026\/04\/5150186059227401598.jpg","_links":{"self":[{"href":"https:\/\/guayoyo24.com\/website\/wp-json\/wp\/v2\/posts\/31218","targetHints":{"allow":["GET"]}}],"collection":[{"href":"https:\/\/guayoyo24.com\/website\/wp-json\/wp\/v2\/posts"}],"about":[{"href":"https:\/\/guayoyo24.com\/website\/wp-json\/wp\/v2\/types\/post"}],"author":[{"embeddable":true,"href":"https:\/\/guayoyo24.com\/website\/wp-json\/wp\/v2\/users\/1"}],"replies":[{"embeddable":true,"href":"https:\/\/guayoyo24.com\/website\/wp-json\/wp\/v2\/comments?post=31218"}],"version-history":[{"count":2,"href":"https:\/\/guayoyo24.com\/website\/wp-json\/wp\/v2\/posts\/31218\/revisions"}],"predecessor-version":[{"id":31224,"href":"https:\/\/guayoyo24.com\/website\/wp-json\/wp\/v2\/posts\/31218\/revisions\/31224"}],"wp:featuredmedia":[{"embeddable":true,"href":"https:\/\/guayoyo24.com\/website\/wp-json\/wp\/v2\/media\/31222"}],"wp:attachment":[{"href":"https:\/\/guayoyo24.com\/website\/wp-json\/wp\/v2\/media?parent=31218"}],"wp:term":[{"taxonomy":"category","embeddable":true,"href":"https:\/\/guayoyo24.com\/website\/wp-json\/wp\/v2\/categories?post=31218"},{"taxonomy":"post_tag","embeddable":true,"href":"https:\/\/guayoyo24.com\/website\/wp-json\/wp\/v2\/tags?post=31218"}],"curies":[{"name":"wp","href":"https:\/\/api.w.org\/{rel}","templated":true}]}}