{"id":31247,"date":"2026-04-28T10:58:16","date_gmt":"2026-04-28T14:58:16","guid":{"rendered":"https:\/\/guayoyo24.com\/website\/?p=31247"},"modified":"2026-04-28T11:09:42","modified_gmt":"2026-04-28T15:09:42","slug":"venezuela-y-colombia-fortalecen-lazos-en-washington-reafirmamos-el-compromiso-con-la-cooperacion-bilateral","status":"publish","type":"post","link":"https:\/\/guayoyo24.com\/website\/2026\/04\/28\/venezuela-y-colombia-fortalecen-lazos-en-washington-reafirmamos-el-compromiso-con-la-cooperacion-bilateral\/","title":{"rendered":"Venezuela y Colombia fortalecen lazos en Washington: \u201cReafirmamos el compromiso con la cooperaci\u00f3n bilateral\u201d"},"content":{"rendered":"<p><b>Los embajadores<\/b>\u00a0de Venezuela, F\u00e9lix Plasencia, y de Colombia, Daniel Garc\u00eda Pe\u00f1a,\u00a0<b>celebraron este lunes una reuni\u00f3n de trabajo en la sede de la misi\u00f3n colombiana en Estados Unidos<\/b>. El encuentro sirvi\u00f3 para ratificar la voluntad de ambas naciones de avanzar en una ruta compartida de beneficio mutuo.<\/p>\n<div>\n<blockquote><p>\u201cReafirmamos el compromiso con la <b>cooperaci\u00f3n bilateral<\/b>\u00a0y el impulso de una agenda regional basada en el di\u00e1logo, el respeto y la integraci\u00f3n para el beneficio de ambos pueblos\u201d, destacaron las autoridades tras finalizar la reuni\u00f3n de trabajo en la capital estadounidense.<\/p><\/blockquote>\n<div><\/div>\n<div>\n<blockquote class=\"twitter-tweet\" data-media-max-width=\"560\">\n<p dir=\"ltr\" lang=\"es\">\ud83d\udfe1\u00a0<a href=\"https:\/\/twitter.com\/hashtag\/EnNoticia?src=hash&amp;ref_src=twsrc%5Etfw\" target=\"_blank\" rel=\"noopener\">#EnNoticia<\/a>\u00a0| Embajador Plasencia sostuvo reuni\u00f3n de trabajo con su par colombiano en Washington<\/p>\n<p>\ud83d\udde3\ufe0f Durante este encuentro, las autoridades diplom\u00e1ticas, F\u00e9lix Plasencia y el embajador de Colombia Daniel Garc\u00eda-Pe\u00f1a resaltaron la importancia del fortalecimiento de las\u2026\u00a0<a href=\"https:\/\/t.co\/Q3jLv0PlBT\">pic.twitter.com\/Q3jLv0PlBT<\/a><\/p>\n<p>\u2014 Globovisi\u00f3n (@globovision)\u00a0<a href=\"https:\/\/twitter.com\/globovision\/status\/2049132934775689668?ref_src=twsrc%5Etfw\" target=\"_blank\" rel=\"noopener\">April 28, 2026<\/a><\/p><\/blockquote>\n<\/div>\n<div><\/div>\n<div>Durante la jornada, los diplom\u00e1ticos\u00a0resaltaron la importancia del fortalecimiento de las relaciones entre ambos pa\u00edses hermanos. La delegaci\u00f3n venezolana subray\u00f3 que la hoja de ruta se mantiene firme bajo los principios de soberan\u00eda y fraternidad.<\/div>\n<div>La Embajada de Venezuela en Estados Unidos inform\u00f3, a trav\u00e9s de sus canales oficiales, que el di\u00e1logo permiti\u00f3 revisar los avances de la cooperaci\u00f3n mutua. Los embajadores calificaron la cita como un espacio fundamental para el entendimiento, reafirmando el compromiso con la cooperaci\u00f3n bilateral como eje central de sus gestiones en el exterior.<\/div>\n<\/div>\n","protected":false},"excerpt":{"rendered":"<p>Los embajadores\u00a0de Venezuela, F\u00e9lix Plasencia, y de Colombia, Daniel Garc\u00eda Pe\u00f1a,\u00a0celebraron este lunes una reuni\u00f3n de trabajo en la sede de la misi\u00f3n colombiana en Estados Unidos. El encuentro sirvi\u00f3 para ratificar la voluntad de ambas naciones de avanzar en una ruta compartida de beneficio mutuo. \u201cReafirmamos el compromiso con la cooperaci\u00f3n bilateral\u00a0y el impulso &hellip;<\/p>\n","protected":false},"author":1,"featured_media":31248,"comment_status":"open","ping_status":"open","sticky":false,"template":"","format":"standard","meta":{"_eb_attr":"","_jetpack_memberships_contains_paid_content":false,"footnotes":""},"categories":[28],"tags":[],"class_list":["post-31247","post","type-post","status-publish","format-standard","has-post-thumbnail","hentry","category-mundo"],"jetpack_sharing_enabled":true,"jetpack_featured_media_url":"https:\/\/guayoyo24.com\/website\/wp-content\/uploads\/2026\/04\/venezuela-y-colombia-fortalecen-lazos-diplomaticos-en-washington-reafirmamos-el-compromiso-con-la-59959.jpg","_links":{"self":[{"href":"https:\/\/guayoyo24.com\/website\/wp-json\/wp\/v2\/posts\/31247","targetHints":{"allow":["GET"]}}],"collection":[{"href":"https:\/\/guayoyo24.com\/website\/wp-json\/wp\/v2\/posts"}],"about":[{"href":"https:\/\/guayoyo24.com\/website\/wp-json\/wp\/v2\/types\/post"}],"author":[{"embeddable":true,"href":"https:\/\/guayoyo24.com\/website\/wp-json\/wp\/v2\/users\/1"}],"replies":[{"embeddable":true,"href":"https:\/\/guayoyo24.com\/website\/wp-json\/wp\/v2\/comments?post=31247"}],"version-history":[{"count":2,"href":"https:\/\/guayoyo24.com\/website\/wp-json\/wp\/v2\/posts\/31247\/revisions"}],"predecessor-version":[{"id":31250,"href":"https:\/\/guayoyo24.com\/website\/wp-json\/wp\/v2\/posts\/31247\/revisions\/31250"}],"wp:featuredmedia":[{"embeddable":true,"href":"https:\/\/guayoyo24.com\/website\/wp-json\/wp\/v2\/media\/31248"}],"wp:attachment":[{"href":"https:\/\/guayoyo24.com\/website\/wp-json\/wp\/v2\/media?parent=31247"}],"wp:term":[{"taxonomy":"category","embeddable":true,"href":"https:\/\/guayoyo24.com\/website\/wp-json\/wp\/v2\/categories?post=31247"},{"taxonomy":"post_tag","embeddable":true,"href":"https:\/\/guayoyo24.com\/website\/wp-json\/wp\/v2\/tags?post=31247"}],"curies":[{"name":"wp","href":"https:\/\/api.w.org\/{rel}","templated":true}]}}