{"id":31259,"date":"2026-04-29T08:47:05","date_gmt":"2026-04-29T12:47:05","guid":{"rendered":"https:\/\/guayoyo24.com\/website\/?p=31259"},"modified":"2026-04-29T08:47:05","modified_gmt":"2026-04-29T12:47:05","slug":"rafael-pepe-roldan-ratificado-como-cronista-del-municipio-paez","status":"publish","type":"post","link":"https:\/\/guayoyo24.com\/website\/2026\/04\/29\/rafael-pepe-roldan-ratificado-como-cronista-del-municipio-paez\/","title":{"rendered":"Rafael \u201cPepe\u201d Rold\u00e1n ratificado como cronista del municipio P\u00e1ez"},"content":{"rendered":"<p>&nbsp;<\/p>\n<p>Especial.-<\/p>\n<p>En sesion ordinaria, realizada este martes en el Concejo Municipal de P\u00e1ez, fue electo y ratificado el cronista del municipio.<\/p>\n<p>Rafael \u201cPepe\u201d Rold\u00e1n, periodista, locutor e historiador, tras una selecci\u00f3n y evaluaci\u00f3n de los concejales entre un n\u00famero de concursantes; fue ratificado por decisi\u00f3n un\u00e1nime como cronista municipal.<\/p>\n<p>Con esta decisi\u00f3n, se garantiza la continuidad en la preservaci\u00f3n de la memoria hist\u00f3rica y el acervo cultural del municipio P\u00e1ez.<\/p>\n<p><img fetchpriority=\"high\" decoding=\"async\" class=\"alignnone size-large wp-image-31260\" src=\"https:\/\/guayoyo24.com\/website\/wp-content\/uploads\/2026\/04\/WhatsApp-Image-2026-04-28-at-12.35.25-PM-1-1024x422.jpeg\" alt=\"\" width=\"1024\" height=\"422\" srcset=\"https:\/\/guayoyo24.com\/website\/wp-content\/uploads\/2026\/04\/WhatsApp-Image-2026-04-28-at-12.35.25-PM-1-1024x422.jpeg 1024w, https:\/\/guayoyo24.com\/website\/wp-content\/uploads\/2026\/04\/WhatsApp-Image-2026-04-28-at-12.35.25-PM-1-300x124.jpeg 300w, https:\/\/guayoyo24.com\/website\/wp-content\/uploads\/2026\/04\/WhatsApp-Image-2026-04-28-at-12.35.25-PM-1-768x317.jpeg 768w, https:\/\/guayoyo24.com\/website\/wp-content\/uploads\/2026\/04\/WhatsApp-Image-2026-04-28-at-12.35.25-PM-1.jpeg 1280w\" sizes=\"(max-width: 1024px) 100vw, 1024px\" \/><\/p>\n","protected":false},"excerpt":{"rendered":"<p>&nbsp; Especial.- En sesion ordinaria, realizada este martes en el Concejo Municipal de P\u00e1ez, fue electo y ratificado el cronista del municipio. Rafael \u201cPepe\u201d Rold\u00e1n, periodista, locutor e historiador, tras una selecci\u00f3n y evaluaci\u00f3n de los concejales entre un n\u00famero de concursantes; fue ratificado por decisi\u00f3n un\u00e1nime como cronista municipal. Con esta decisi\u00f3n, se garantiza &hellip;<\/p>\n","protected":false},"author":1,"featured_media":31261,"comment_status":"open","ping_status":"open","sticky":false,"template":"","format":"standard","meta":{"_eb_attr":"","_jetpack_memberships_contains_paid_content":false,"footnotes":""},"categories":[25],"tags":[],"class_list":["post-31259","post","type-post","status-publish","format-standard","has-post-thumbnail","hentry","category-region"],"jetpack_sharing_enabled":true,"jetpack_featured_media_url":"https:\/\/guayoyo24.com\/website\/wp-content\/uploads\/2026\/04\/WhatsApp-Image-2026-04-28-at-12.35.25-PM.jpeg","_links":{"self":[{"href":"https:\/\/guayoyo24.com\/website\/wp-json\/wp\/v2\/posts\/31259","targetHints":{"allow":["GET"]}}],"collection":[{"href":"https:\/\/guayoyo24.com\/website\/wp-json\/wp\/v2\/posts"}],"about":[{"href":"https:\/\/guayoyo24.com\/website\/wp-json\/wp\/v2\/types\/post"}],"author":[{"embeddable":true,"href":"https:\/\/guayoyo24.com\/website\/wp-json\/wp\/v2\/users\/1"}],"replies":[{"embeddable":true,"href":"https:\/\/guayoyo24.com\/website\/wp-json\/wp\/v2\/comments?post=31259"}],"version-history":[{"count":2,"href":"https:\/\/guayoyo24.com\/website\/wp-json\/wp\/v2\/posts\/31259\/revisions"}],"predecessor-version":[{"id":31263,"href":"https:\/\/guayoyo24.com\/website\/wp-json\/wp\/v2\/posts\/31259\/revisions\/31263"}],"wp:featuredmedia":[{"embeddable":true,"href":"https:\/\/guayoyo24.com\/website\/wp-json\/wp\/v2\/media\/31261"}],"wp:attachment":[{"href":"https:\/\/guayoyo24.com\/website\/wp-json\/wp\/v2\/media?parent=31259"}],"wp:term":[{"taxonomy":"category","embeddable":true,"href":"https:\/\/guayoyo24.com\/website\/wp-json\/wp\/v2\/categories?post=31259"},{"taxonomy":"post_tag","embeddable":true,"href":"https:\/\/guayoyo24.com\/website\/wp-json\/wp\/v2\/tags?post=31259"}],"curies":[{"name":"wp","href":"https:\/\/api.w.org\/{rel}","templated":true}]}}