{"id":31276,"date":"2026-04-29T08:54:17","date_gmt":"2026-04-29T12:54:17","guid":{"rendered":"https:\/\/guayoyo24.com\/website\/?p=31276"},"modified":"2026-04-29T08:54:17","modified_gmt":"2026-04-29T12:54:17","slug":"gremios-de-portuguesa-convocan-a-la-madre-de-todas-las-marchas","status":"publish","type":"post","link":"https:\/\/guayoyo24.com\/website\/2026\/04\/29\/gremios-de-portuguesa-convocan-a-la-madre-de-todas-las-marchas\/","title":{"rendered":"Gremios de Portuguesa convocan a \u201cla madre de todas las marchas\u201d"},"content":{"rendered":"<p>&nbsp;<\/p>\n<p>Bianile Rivas.-<\/p>\n<p>En un esfuerzo unificado por rescatar el poder adquisitivo del trabajador venezolano, representantes de los principales gremios de los sectores p\u00fablico y privado del estado Portuguesa anunciaron la convocatoria a una movilizaci\u00f3n masiva este viernes 1 de mayo, en el marco del D\u00eda Internacional del Trabajador.<\/p>\n<p>Desde la Casa Sindical de Guanare, la dirigencia calific\u00f3 esta pr\u00f3xima manifestaci\u00f3n como \u201cla madre de todas las marchas\u201d, asegurando que ser\u00e1 la concentraci\u00f3n m\u00e1s grande registrada en la capital coromotana en demanda de salarios dignos y seguridad social.<\/p>\n<p>Ruta y puntos de concentraci\u00f3n<\/p>\n<p>La jornada de protesta iniciar\u00e1 a las 8:00 de la ma\u00f1ana en la Plaza Andr\u00e9s Bello. Desde all\u00ed, los manifestantes recorrer\u00e1n la avenida Unda hasta concentrarse en las adyacencias del Centro C\u00edvico Cultural \u201cTom\u00e1s Montilla\u201d, punto estrat\u00e9gico donde los voceros fijar\u00e1n posici\u00f3n frente a la crisis econ\u00f3mica que atraviesa el sector laboral.<\/p>\n<p>Realidad salarial cr\u00edtica<\/p>\n<p>La profesora Yusmar Seijas, dirigente de Fenatev, denunci\u00f3 la brecha insostenible entre el ingreso formal y el costo de la vida. \u201cExigimos un incremento salarial que tome en cuenta que la canasta b\u00e1sica supera los 700 d\u00f3lares mensuales, mientras nosotros seguimos percibiendo un salario m\u00ednimo de 130 bol\u00edvares, que hoy equivale apenas a 0,30 centavos de d\u00f3lar y que no ha variado en m\u00e1s de cuatro a\u00f1os\u201d, sentenci\u00f3.<\/p>\n<p>Por su parte, el doctor Alfredo Gonz\u00e1lez, representante del gremio de la salud, enfatiz\u00f3 que la convocatoria no solo busca mejoras en el sueldo base, sino tambi\u00e9n la restituci\u00f3n de beneficios m\u00e9dico-sociales que han desaparecido, dejando desprotegidos tanto a trabajadores activos como a jubilados y pensionados.<\/p>\n<p>Llamado a la unidad<\/p>\n<p>La dirigencia sindical hizo un llamado extensivo a todos los sectores de la sociedad civil para que se sumen a este reclamo nacional. El objetivo es enviar un mensaje contundente al Ejecutivo Nacional sobre la urgencia de una pol\u00edtica econ\u00f3mica que dignifique el trabajo y garantice la supervivencia de las familias venezolanas frente a la hiperinflaci\u00f3n.<\/p>\n","protected":false},"excerpt":{"rendered":"<p>&nbsp; Bianile Rivas.- En un esfuerzo unificado por rescatar el poder adquisitivo del trabajador venezolano, representantes de los principales gremios de los sectores p\u00fablico y privado del estado Portuguesa anunciaron la convocatoria a una movilizaci\u00f3n masiva este viernes 1 de mayo, en el marco del D\u00eda Internacional del Trabajador. Desde la Casa Sindical de Guanare, &hellip;<\/p>\n","protected":false},"author":1,"featured_media":31277,"comment_status":"open","ping_status":"open","sticky":false,"template":"","format":"standard","meta":{"_eb_attr":"","_jetpack_memberships_contains_paid_content":false,"footnotes":""},"categories":[25],"tags":[],"class_list":["post-31276","post","type-post","status-publish","format-standard","has-post-thumbnail","hentry","category-region"],"jetpack_sharing_enabled":true,"jetpack_featured_media_url":"https:\/\/guayoyo24.com\/website\/wp-content\/uploads\/2026\/04\/WhatsApp-Image-2026-04-28-at-11.08.36-PM.jpeg","_links":{"self":[{"href":"https:\/\/guayoyo24.com\/website\/wp-json\/wp\/v2\/posts\/31276","targetHints":{"allow":["GET"]}}],"collection":[{"href":"https:\/\/guayoyo24.com\/website\/wp-json\/wp\/v2\/posts"}],"about":[{"href":"https:\/\/guayoyo24.com\/website\/wp-json\/wp\/v2\/types\/post"}],"author":[{"embeddable":true,"href":"https:\/\/guayoyo24.com\/website\/wp-json\/wp\/v2\/users\/1"}],"replies":[{"embeddable":true,"href":"https:\/\/guayoyo24.com\/website\/wp-json\/wp\/v2\/comments?post=31276"}],"version-history":[{"count":1,"href":"https:\/\/guayoyo24.com\/website\/wp-json\/wp\/v2\/posts\/31276\/revisions"}],"predecessor-version":[{"id":31278,"href":"https:\/\/guayoyo24.com\/website\/wp-json\/wp\/v2\/posts\/31276\/revisions\/31278"}],"wp:featuredmedia":[{"embeddable":true,"href":"https:\/\/guayoyo24.com\/website\/wp-json\/wp\/v2\/media\/31277"}],"wp:attachment":[{"href":"https:\/\/guayoyo24.com\/website\/wp-json\/wp\/v2\/media?parent=31276"}],"wp:term":[{"taxonomy":"category","embeddable":true,"href":"https:\/\/guayoyo24.com\/website\/wp-json\/wp\/v2\/categories?post=31276"},{"taxonomy":"post_tag","embeddable":true,"href":"https:\/\/guayoyo24.com\/website\/wp-json\/wp\/v2\/tags?post=31276"}],"curies":[{"name":"wp","href":"https:\/\/api.w.org\/{rel}","templated":true}]}}