{"id":31322,"date":"2026-04-30T07:54:11","date_gmt":"2026-04-30T11:54:11","guid":{"rendered":"https:\/\/guayoyo24.com\/website\/?p=31322"},"modified":"2026-04-30T07:54:11","modified_gmt":"2026-04-30T11:54:11","slug":"inces-portuguesa-y-central-azucarero-consolidan-alianza-estrategica-para-fortalecer-el-motor-industrial","status":"publish","type":"post","link":"https:\/\/guayoyo24.com\/website\/2026\/04\/30\/inces-portuguesa-y-central-azucarero-consolidan-alianza-estrategica-para-fortalecer-el-motor-industrial\/","title":{"rendered":"Inces Portuguesa y Central Azucarero consolidan alianza estrat\u00e9gica para fortalecer el motor industrial"},"content":{"rendered":"<p>&nbsp;<\/p>\n<p>Prensa, Inces.-<\/p>\n<p>Con el firme prop\u00f3sito de impulsar el desarrollo agroindustrial de la regi\u00f3n, la Gerencia Regional del Instituto Nacional de Capacitaci\u00f3n y Educaci\u00f3n Socialista (Inces) en Portuguesa y el Central Azucarero Portuguesa, formalizaron una mesa de trabajo para dar inicio a un ambicioso plan de formaci\u00f3n t\u00e9cnica profesional.<\/p>\n<p>Este encuentro estrat\u00e9gico tiene como objetivo principal capacitar al talento humano directamente desde la entidad de trabajo, bajo la premisa institucional \u201cFormar produciendo y producir formando\u201d.<\/p>\n<p>Formaci\u00f3n integral para la producci\u00f3n<\/p>\n<p>El plan de formaci\u00f3n abarca un amplio espectro de perfiles t\u00e9cnicos y administrativos, entre los que destacan: \u00c1rea Industrial y Mec\u00e1nica; Mec\u00e1nicos de mantenimiento industrial, operarios de montacargas y cargadores frontales, torneros, fresadores, mec\u00e1nicos diesel, soldadores y operadores de calderas y maquinaria fija. Infraestructura y Servicios: Electricistas de mantenimiento, mec\u00e1nicos de refrigeraci\u00f3n, alba\u00f1iles y carpinteros. Gesti\u00f3n y Tecnolog\u00eda: Asistentes administrativos y contables, gestores de talento humano, especialistas en marketing digital, protocolo, higiene y seguridad industrial, y primeros auxilios.<\/p>\n<p>Compromiso institucional<\/p>\n<p>La reuni\u00f3n cont\u00f3 con la presencia de Alexis Josu\u00e9 P\u00e9rez, Gerente Regional del Inces; Bebys Osuna, Coordinadora Regional de Encadenamiento Productivo; y Julio C\u00e9sar Rojas, Enlace Comunicacional. Por parte del Central Azucarero Portuguesa, participaron Hern\u00e1n Acosta y Mar\u00eda Elisa Torres.<\/p>\n<p>Durante la jornada, las autoridades realizaron una supervisi\u00f3n al Programa Nacional de Aprendizaje (PNA) que hace vida en la empresa y recorrieron las instalaciones administrativas para constatar el potencial de las \u00e1reas de formaci\u00f3n.<\/p>\n<p>Con estas acciones, el Inces Portuguesa reafirma su compromiso de motorizar la econom\u00eda nacional a trav\u00e9s del conocimiento t\u00e9cnico, brindando herramientas reales que impacten directamente en la soberan\u00eda alimentaria y el fortalecimiento del parque industrial llanero.<\/p>\n<p><img fetchpriority=\"high\" decoding=\"async\" class=\"alignnone size-large wp-image-31300\" src=\"https:\/\/guayoyo24.com\/website\/wp-content\/uploads\/2026\/04\/WhatsApp-Image-2026-04-29-at-8.08.50-PM-1024x768.jpeg\" alt=\"\" width=\"1024\" height=\"768\" srcset=\"https:\/\/guayoyo24.com\/website\/wp-content\/uploads\/2026\/04\/WhatsApp-Image-2026-04-29-at-8.08.50-PM-1024x768.jpeg 1024w, https:\/\/guayoyo24.com\/website\/wp-content\/uploads\/2026\/04\/WhatsApp-Image-2026-04-29-at-8.08.50-PM-300x225.jpeg 300w, https:\/\/guayoyo24.com\/website\/wp-content\/uploads\/2026\/04\/WhatsApp-Image-2026-04-29-at-8.08.50-PM-768x576.jpeg 768w, https:\/\/guayoyo24.com\/website\/wp-content\/uploads\/2026\/04\/WhatsApp-Image-2026-04-29-at-8.08.50-PM.jpeg 1080w\" sizes=\"(max-width: 1024px) 100vw, 1024px\" \/> <img decoding=\"async\" class=\"alignnone size-large wp-image-31299\" src=\"https:\/\/guayoyo24.com\/website\/wp-content\/uploads\/2026\/04\/WhatsApp-Image-2026-04-29-at-8.08.50-PM-1-1024x768.jpeg\" alt=\"\" width=\"1024\" height=\"768\" srcset=\"https:\/\/guayoyo24.com\/website\/wp-content\/uploads\/2026\/04\/WhatsApp-Image-2026-04-29-at-8.08.50-PM-1-1024x768.jpeg 1024w, https:\/\/guayoyo24.com\/website\/wp-content\/uploads\/2026\/04\/WhatsApp-Image-2026-04-29-at-8.08.50-PM-1-300x225.jpeg 300w, https:\/\/guayoyo24.com\/website\/wp-content\/uploads\/2026\/04\/WhatsApp-Image-2026-04-29-at-8.08.50-PM-1-768x576.jpeg 768w, https:\/\/guayoyo24.com\/website\/wp-content\/uploads\/2026\/04\/WhatsApp-Image-2026-04-29-at-8.08.50-PM-1.jpeg 1080w\" sizes=\"(max-width: 1024px) 100vw, 1024px\" \/><\/p>\n","protected":false},"excerpt":{"rendered":"<p>&nbsp; Prensa, Inces.- Con el firme prop\u00f3sito de impulsar el desarrollo agroindustrial de la regi\u00f3n, la Gerencia Regional del Instituto Nacional de Capacitaci\u00f3n y Educaci\u00f3n Socialista (Inces) en Portuguesa y el Central Azucarero Portuguesa, formalizaron una mesa de trabajo para dar inicio a un ambicioso plan de formaci\u00f3n t\u00e9cnica profesional. Este encuentro estrat\u00e9gico tiene como &hellip;<\/p>\n","protected":false},"author":1,"featured_media":31301,"comment_status":"open","ping_status":"open","sticky":false,"template":"","format":"standard","meta":{"_eb_attr":"","_jetpack_memberships_contains_paid_content":false,"footnotes":""},"categories":[25],"tags":[],"class_list":["post-31322","post","type-post","status-publish","format-standard","has-post-thumbnail","hentry","category-region"],"jetpack_sharing_enabled":true,"jetpack_featured_media_url":"https:\/\/guayoyo24.com\/website\/wp-content\/uploads\/2026\/04\/WhatsApp-Image-2026-04-29-at-5.15.41-PM.jpeg","_links":{"self":[{"href":"https:\/\/guayoyo24.com\/website\/wp-json\/wp\/v2\/posts\/31322","targetHints":{"allow":["GET"]}}],"collection":[{"href":"https:\/\/guayoyo24.com\/website\/wp-json\/wp\/v2\/posts"}],"about":[{"href":"https:\/\/guayoyo24.com\/website\/wp-json\/wp\/v2\/types\/post"}],"author":[{"embeddable":true,"href":"https:\/\/guayoyo24.com\/website\/wp-json\/wp\/v2\/users\/1"}],"replies":[{"embeddable":true,"href":"https:\/\/guayoyo24.com\/website\/wp-json\/wp\/v2\/comments?post=31322"}],"version-history":[{"count":1,"href":"https:\/\/guayoyo24.com\/website\/wp-json\/wp\/v2\/posts\/31322\/revisions"}],"predecessor-version":[{"id":31323,"href":"https:\/\/guayoyo24.com\/website\/wp-json\/wp\/v2\/posts\/31322\/revisions\/31323"}],"wp:featuredmedia":[{"embeddable":true,"href":"https:\/\/guayoyo24.com\/website\/wp-json\/wp\/v2\/media\/31301"}],"wp:attachment":[{"href":"https:\/\/guayoyo24.com\/website\/wp-json\/wp\/v2\/media?parent=31322"}],"wp:term":[{"taxonomy":"category","embeddable":true,"href":"https:\/\/guayoyo24.com\/website\/wp-json\/wp\/v2\/categories?post=31322"},{"taxonomy":"post_tag","embeddable":true,"href":"https:\/\/guayoyo24.com\/website\/wp-json\/wp\/v2\/tags?post=31322"}],"curies":[{"name":"wp","href":"https:\/\/api.w.org\/{rel}","templated":true}]}}