{"id":31331,"date":"2026-04-30T19:40:31","date_gmt":"2026-04-30T23:40:31","guid":{"rendered":"https:\/\/guayoyo24.com\/website\/?p=31331"},"modified":"2026-04-30T19:40:31","modified_gmt":"2026-04-30T23:40:31","slug":"inces-portuguesa-despliega-operativo-especial-de-salud-ambiental-en-centros-de-formacion","status":"publish","type":"post","link":"https:\/\/guayoyo24.com\/website\/2026\/04\/30\/inces-portuguesa-despliega-operativo-especial-de-salud-ambiental-en-centros-de-formacion\/","title":{"rendered":"INCES Portuguesa despliega operativo especial de salud ambiental en Centros de Formaci\u00f3n"},"content":{"rendered":"<p style=\"text-align: justify;\">\n<p style=\"text-align: justify;\">Prensa, Inces.-<\/p>\n<p style=\"text-align: justify;\">Con el firme objetivo de garantizar espacios educativos seguros y proteger la salud de la comunidad t\u00e9cnica-productiva, el Instituto Nacional de Capacitaci\u00f3n y Educaci\u00f3n Socialista (INCES) en el estado Portuguesa, ejecut\u00f3 una jornada integral de abatizaci\u00f3n, nebulizaci\u00f3n y eliminaci\u00f3n de criaderos de vectores.<\/p>\n<p style=\"text-align: justify;\">Este despliegue de control preventivo se llev\u00f3 a cabo de manera simult\u00e1nea en los Centros de Formaci\u00f3n Socialista (CFS) \u201cPedro P\u00e9rez Delgado\u201d en Guanare, as\u00ed como en las unidades \u201cManuelita S\u00e1enz\u201d, \u201cChe Guevara\u201d y \u201cAl\u00ed Primera\u201d ubicadas en Araure. Asimismo, las cuadrillas atendieron de forma exhaustiva las instalaciones de la Sede Regional del INCES.<\/p>\n<p style=\"text-align: justify;\">La jornada t\u00e9cnica, centrada en la erradicaci\u00f3n de focos de propagaci\u00f3n de enfermedades end\u00e9micas, fue posible gracias a la articulaci\u00f3n directa con el Ministerio del Poder Popular para la Salud (MPPS) y el equipo especializado de la Direcci\u00f3n Regional de Salud.<\/p>\n<p style=\"text-align: justify;\">Las autoridades del INCES Portuguesa expresaron su agradecimiento al equipo estatal de salud por el apoyo t\u00e9cnico y humano brindado, destacando que estas acciones de saneamiento ambiental son fundamentales para asegurar el bienestar de los aprendices, maestros y personal administrativo que hace vida en la instituci\u00f3n.<\/p>\n<p style=\"text-align: justify;\">Con este operativo, el INCES reafirma su compromiso no solo con la formaci\u00f3n t\u00e9cnica profesional, sino con el mantenimiento de condiciones \u00f3ptimas que aseguren un entorno saludable para el desarrollo del motor productivo en la regi\u00f3n.<\/p>\n<p><img fetchpriority=\"high\" decoding=\"async\" class=\"alignnone size-full wp-image-31293\" src=\"https:\/\/guayoyo24.com\/website\/wp-content\/uploads\/2026\/04\/WhatsApp-Image-2026-04-29-at-9.57.29-PM.jpeg\" alt=\"\" width=\"864\" height=\"1004\" srcset=\"https:\/\/guayoyo24.com\/website\/wp-content\/uploads\/2026\/04\/WhatsApp-Image-2026-04-29-at-9.57.29-PM.jpeg 864w, https:\/\/guayoyo24.com\/website\/wp-content\/uploads\/2026\/04\/WhatsApp-Image-2026-04-29-at-9.57.29-PM-258x300.jpeg 258w, https:\/\/guayoyo24.com\/website\/wp-content\/uploads\/2026\/04\/WhatsApp-Image-2026-04-29-at-9.57.29-PM-768x892.jpeg 768w\" sizes=\"(max-width: 864px) 100vw, 864px\" \/> <img decoding=\"async\" class=\"alignnone size-large wp-image-31292\" src=\"https:\/\/guayoyo24.com\/website\/wp-content\/uploads\/2026\/04\/WhatsApp-Image-2026-04-29-at-9.57.29-PM-1-576x1024.jpeg\" alt=\"\" width=\"576\" height=\"1024\" srcset=\"https:\/\/guayoyo24.com\/website\/wp-content\/uploads\/2026\/04\/WhatsApp-Image-2026-04-29-at-9.57.29-PM-1-576x1024.jpeg 576w, https:\/\/guayoyo24.com\/website\/wp-content\/uploads\/2026\/04\/WhatsApp-Image-2026-04-29-at-9.57.29-PM-1-169x300.jpeg 169w, https:\/\/guayoyo24.com\/website\/wp-content\/uploads\/2026\/04\/WhatsApp-Image-2026-04-29-at-9.57.29-PM-1.jpeg 720w\" sizes=\"(max-width: 576px) 100vw, 576px\" \/><\/p>\n","protected":false},"excerpt":{"rendered":"<p>Prensa, Inces.- Con el firme objetivo de garantizar espacios educativos seguros y proteger la salud de la comunidad t\u00e9cnica-productiva, el Instituto Nacional de Capacitaci\u00f3n y Educaci\u00f3n Socialista (INCES) en el estado Portuguesa, ejecut\u00f3 una jornada integral de abatizaci\u00f3n, nebulizaci\u00f3n y eliminaci\u00f3n de criaderos de vectores. Este despliegue de control preventivo se llev\u00f3 a cabo de &hellip;<\/p>\n","protected":false},"author":1,"featured_media":31294,"comment_status":"open","ping_status":"open","sticky":false,"template":"","format":"standard","meta":{"_eb_attr":"","_jetpack_memberships_contains_paid_content":false,"footnotes":""},"categories":[25],"tags":[],"class_list":["post-31331","post","type-post","status-publish","format-standard","has-post-thumbnail","hentry","category-region"],"jetpack_sharing_enabled":true,"jetpack_featured_media_url":"https:\/\/guayoyo24.com\/website\/wp-content\/uploads\/2026\/04\/WhatsApp-Image-2026-04-29-at-9.57.28-PM.jpeg","_links":{"self":[{"href":"https:\/\/guayoyo24.com\/website\/wp-json\/wp\/v2\/posts\/31331","targetHints":{"allow":["GET"]}}],"collection":[{"href":"https:\/\/guayoyo24.com\/website\/wp-json\/wp\/v2\/posts"}],"about":[{"href":"https:\/\/guayoyo24.com\/website\/wp-json\/wp\/v2\/types\/post"}],"author":[{"embeddable":true,"href":"https:\/\/guayoyo24.com\/website\/wp-json\/wp\/v2\/users\/1"}],"replies":[{"embeddable":true,"href":"https:\/\/guayoyo24.com\/website\/wp-json\/wp\/v2\/comments?post=31331"}],"version-history":[{"count":2,"href":"https:\/\/guayoyo24.com\/website\/wp-json\/wp\/v2\/posts\/31331\/revisions"}],"predecessor-version":[{"id":31333,"href":"https:\/\/guayoyo24.com\/website\/wp-json\/wp\/v2\/posts\/31331\/revisions\/31333"}],"wp:featuredmedia":[{"embeddable":true,"href":"https:\/\/guayoyo24.com\/website\/wp-json\/wp\/v2\/media\/31294"}],"wp:attachment":[{"href":"https:\/\/guayoyo24.com\/website\/wp-json\/wp\/v2\/media?parent=31331"}],"wp:term":[{"taxonomy":"category","embeddable":true,"href":"https:\/\/guayoyo24.com\/website\/wp-json\/wp\/v2\/categories?post=31331"},{"taxonomy":"post_tag","embeddable":true,"href":"https:\/\/guayoyo24.com\/website\/wp-json\/wp\/v2\/tags?post=31331"}],"curies":[{"name":"wp","href":"https:\/\/api.w.org\/{rel}","templated":true}]}}