{"id":33114,"date":"2026-09-03T16:06:48","date_gmt":"2026-09-03T20:06:48","guid":{"rendered":"https:\/\/guayoyo24.com\/website\/?p=33114"},"modified":"2026-09-03T16:06:48","modified_gmt":"2026-09-03T20:06:48","slug":"piritu-sera-sede-deportiva-de-la-asociacion-de-futbol-de-portuguesa","status":"publish","type":"post","link":"https:\/\/guayoyo24.com\/website\/2026\/09\/03\/piritu-sera-sede-deportiva-de-la-asociacion-de-futbol-de-portuguesa\/","title":{"rendered":"Piritu ser\u00e1 sede deportiva de la Asociaci\u00f3n de F\u00fatbol de Portuguesa"},"content":{"rendered":"<p>En rueda de prensa, el alcalde de Esteller, Jorge Oviedo junto al presidente de la Asociaci\u00f3n de F\u00fatbol de Portuguesa, Jorge Pulido en compa\u00f1\u00eda del presidente del Indeport, Humberto Lugo, anunciaron que Piritu, se convertir\u00e1 en la sede deportiva en la entidad llanera.<\/p>\n<p>&nbsp;<\/p>\n<p>Informaron que la Gobernaci\u00f3n de Portuguesa a trav\u00e9s de Indeport, entreg\u00f3 en comodato el estadio de f\u00fatbol Limoncito, a la Asociaci\u00f3n de Futbol, a fin de que a trav\u00e9s del proyecto 24&#215;24 de la Federaci\u00f3n Venezolana de F\u00fatbol se remodelar\u00e1 y se convertir\u00e1 en la sede deportiva de la Afep.<\/p>\n<p>&nbsp;<\/p>\n<p>El estadio ser\u00e1 la sede de las selecciones de f\u00fatbol en todas sus categor\u00edas, tanto masculino como femenino de Portuguesa.<\/p>\n<p><img fetchpriority=\"high\" decoding=\"async\" class=\"alignnone size-large wp-image-33116\" src=\"https:\/\/guayoyo24.com\/website\/wp-content\/uploads\/2026\/09\/IMG-20260903-WA0006-1024x749.jpg\" alt=\"\" width=\"1024\" height=\"749\" srcset=\"https:\/\/guayoyo24.com\/website\/wp-content\/uploads\/2026\/09\/IMG-20260903-WA0006-1024x749.jpg 1024w, https:\/\/guayoyo24.com\/website\/wp-content\/uploads\/2026\/09\/IMG-20260903-WA0006-300x219.jpg 300w, https:\/\/guayoyo24.com\/website\/wp-content\/uploads\/2026\/09\/IMG-20260903-WA0006-768x562.jpg 768w, https:\/\/guayoyo24.com\/website\/wp-content\/uploads\/2026\/09\/IMG-20260903-WA0006.jpg 1280w\" sizes=\"(max-width: 1024px) 100vw, 1024px\" \/><\/p>\n","protected":false},"excerpt":{"rendered":"<p>En rueda de prensa, el alcalde de Esteller, Jorge Oviedo junto al presidente de la Asociaci\u00f3n de F\u00fatbol de Portuguesa, Jorge Pulido en compa\u00f1\u00eda del presidente del Indeport, Humberto Lugo, anunciaron que Piritu, se convertir\u00e1 en la sede deportiva en la entidad llanera. &nbsp; Informaron que la Gobernaci\u00f3n de Portuguesa a trav\u00e9s de Indeport, entreg\u00f3 &hellip;<\/p>\n","protected":false},"author":3,"featured_media":33115,"comment_status":"open","ping_status":"open","sticky":false,"template":"","format":"standard","meta":{"_eb_attr":"","_jetpack_memberships_contains_paid_content":false,"footnotes":""},"categories":[29],"tags":[],"class_list":["post-33114","post","type-post","status-publish","format-standard","has-post-thumbnail","hentry","category-deportes"],"jetpack_sharing_enabled":true,"jetpack_featured_media_url":"https:\/\/guayoyo24.com\/website\/wp-content\/uploads\/2026\/09\/IMG-20260903-WA0003.jpg","_links":{"self":[{"href":"https:\/\/guayoyo24.com\/website\/wp-json\/wp\/v2\/posts\/33114","targetHints":{"allow":["GET"]}}],"collection":[{"href":"https:\/\/guayoyo24.com\/website\/wp-json\/wp\/v2\/posts"}],"about":[{"href":"https:\/\/guayoyo24.com\/website\/wp-json\/wp\/v2\/types\/post"}],"author":[{"embeddable":true,"href":"https:\/\/guayoyo24.com\/website\/wp-json\/wp\/v2\/users\/3"}],"replies":[{"embeddable":true,"href":"https:\/\/guayoyo24.com\/website\/wp-json\/wp\/v2\/comments?post=33114"}],"version-history":[{"count":2,"href":"https:\/\/guayoyo24.com\/website\/wp-json\/wp\/v2\/posts\/33114\/revisions"}],"predecessor-version":[{"id":33118,"href":"https:\/\/guayoyo24.com\/website\/wp-json\/wp\/v2\/posts\/33114\/revisions\/33118"}],"wp:featuredmedia":[{"embeddable":true,"href":"https:\/\/guayoyo24.com\/website\/wp-json\/wp\/v2\/media\/33115"}],"wp:attachment":[{"href":"https:\/\/guayoyo24.com\/website\/wp-json\/wp\/v2\/media?parent=33114"}],"wp:term":[{"taxonomy":"category","embeddable":true,"href":"https:\/\/guayoyo24.com\/website\/wp-json\/wp\/v2\/categories?post=33114"},{"taxonomy":"post_tag","embeddable":true,"href":"https:\/\/guayoyo24.com\/website\/wp-json\/wp\/v2\/tags?post=33114"}],"curies":[{"name":"wp","href":"https:\/\/api.w.org\/{rel}","templated":true}]}}