{"id":33151,"date":"2026-09-05T14:36:40","date_gmt":"2026-09-05T18:36:40","guid":{"rendered":"https:\/\/guayoyo24.com\/website\/?p=33151"},"modified":"2026-09-05T14:36:40","modified_gmt":"2026-09-05T18:36:40","slug":"desplegados-mas-de-2-100-funcionarios-para-el-dispositivo-de-seguridad-de-las-festividades-de-la-virgen-de-coromoto","status":"publish","type":"post","link":"https:\/\/guayoyo24.com\/website\/2026\/09\/05\/desplegados-mas-de-2-100-funcionarios-para-el-dispositivo-de-seguridad-de-las-festividades-de-la-virgen-de-coromoto\/","title":{"rendered":"Desplegados m\u00e1s de 2.100 funcionarios para el dispositivo de seguridad de las festividades\u00a0 de la Virgen de Coromoto"},"content":{"rendered":"<p>GUANARE.-<\/p>\n<p>&nbsp;<\/p>\n<p>Con la meta de garantizar el resguardo y la atenci\u00f3n integral de miles de feligreses, las autoridades del estado Portuguesa dieron inicio al dispositivo especial de seguridad en el marco de la conmemoraci\u00f3n de los 374 a\u00f1os de la aparici\u00f3n de la Virgen de Coromoto y los 74 a\u00f1os de su coronaci\u00f3n can\u00f3nica como Patrona de Venezuela.<\/p>\n<p>&nbsp;<\/p>\n<p>El acto de despliegue estuvo encabezado por el gobernador de la entidad, Primitivo Cede\u00f1o, junto al comandante de la ZODI 33, G\/D Acisclo Chaparro Godoy, y representantes de las autoridades eclesi\u00e1sticas de la regi\u00f3n.<\/p>\n<p>&nbsp;<\/p>\n<p>Durante el inicio del operativo, el G\/D Chaparro Godoy detall\u00f3 que un contingente de 2.150 funcionarios pertenecientes a diversos cuerpos policiales, militares y de gesti\u00f3n de riesgo estar\u00e1 activo en los puntos clave de la entidad. Adem\u00e1s, el despliegue cuenta con una plataforma log\u00edstica de 300 veh\u00edculos y 400 motocicletas para patrullaje y asistencia permanente.<\/p>\n<p>&nbsp;<\/p>\n<p>Por su parte, el gobernador Primitivo Cede\u00f1o enfatiz\u00f3 que Guanare, reconocida como la capital espiritual del pa\u00eds, se encuentra plenamente preparada para acoger a las delegaciones y peregrinos que arribar\u00e1n desde distintas partes del territorio nacional.<\/p>\n<p>&nbsp;<\/p>\n<p>Cede\u00f1o destac\u00f3 que el Santuario Nacional Bas\u00edlica Menor de la Virgen de Coromoto, considerado la segunda obra de arquitectura religiosa m\u00e1s emblem\u00e1tica de Latinoam\u00e9rica, ya cuenta con todas las condiciones log\u00edsticas y de infraestructura listas para el desarrollo de las actividades programadas para los d\u00edas 7, 8 y 11 de septiembre.<\/p>\n<p><img fetchpriority=\"high\" decoding=\"async\" class=\"alignnone size-large wp-image-33153\" src=\"https:\/\/guayoyo24.com\/website\/wp-content\/uploads\/2026\/09\/IMG-20260905-WA0023-1024x744.jpg\" alt=\"\" width=\"1024\" height=\"744\" srcset=\"https:\/\/guayoyo24.com\/website\/wp-content\/uploads\/2026\/09\/IMG-20260905-WA0023-1024x744.jpg 1024w, https:\/\/guayoyo24.com\/website\/wp-content\/uploads\/2026\/09\/IMG-20260905-WA0023-300x218.jpg 300w, https:\/\/guayoyo24.com\/website\/wp-content\/uploads\/2026\/09\/IMG-20260905-WA0023-768x558.jpg 768w, https:\/\/guayoyo24.com\/website\/wp-content\/uploads\/2026\/09\/IMG-20260905-WA0023.jpg 1280w\" sizes=\"(max-width: 1024px) 100vw, 1024px\" \/><\/p>\n<p><img decoding=\"async\" class=\"alignnone size-large wp-image-33154\" src=\"https:\/\/guayoyo24.com\/website\/wp-content\/uploads\/2026\/09\/IMG-20260905-WA0024-1024x768.jpg\" alt=\"\" width=\"1024\" height=\"768\" srcset=\"https:\/\/guayoyo24.com\/website\/wp-content\/uploads\/2026\/09\/IMG-20260905-WA0024-1024x768.jpg 1024w, https:\/\/guayoyo24.com\/website\/wp-content\/uploads\/2026\/09\/IMG-20260905-WA0024-300x225.jpg 300w, https:\/\/guayoyo24.com\/website\/wp-content\/uploads\/2026\/09\/IMG-20260905-WA0024-768x576.jpg 768w, https:\/\/guayoyo24.com\/website\/wp-content\/uploads\/2026\/09\/IMG-20260905-WA0024.jpg 1080w\" sizes=\"(max-width: 1024px) 100vw, 1024px\" \/><\/p>\n","protected":false},"excerpt":{"rendered":"<p>GUANARE.- &nbsp; Con la meta de garantizar el resguardo y la atenci\u00f3n integral de miles de feligreses, las autoridades del estado Portuguesa dieron inicio al dispositivo especial de seguridad en el marco de la conmemoraci\u00f3n de los 374 a\u00f1os de la aparici\u00f3n de la Virgen de Coromoto y los 74 a\u00f1os de su coronaci\u00f3n can\u00f3nica &hellip;<\/p>\n","protected":false},"author":3,"featured_media":33152,"comment_status":"open","ping_status":"open","sticky":false,"template":"","format":"standard","meta":{"_eb_attr":"","_jetpack_memberships_contains_paid_content":false,"footnotes":""},"categories":[25],"tags":[],"class_list":["post-33151","post","type-post","status-publish","format-standard","has-post-thumbnail","hentry","category-region"],"jetpack_sharing_enabled":true,"jetpack_featured_media_url":"https:\/\/guayoyo24.com\/website\/wp-content\/uploads\/2026\/09\/IMG-20260905-WA0025.jpg","_links":{"self":[{"href":"https:\/\/guayoyo24.com\/website\/wp-json\/wp\/v2\/posts\/33151","targetHints":{"allow":["GET"]}}],"collection":[{"href":"https:\/\/guayoyo24.com\/website\/wp-json\/wp\/v2\/posts"}],"about":[{"href":"https:\/\/guayoyo24.com\/website\/wp-json\/wp\/v2\/types\/post"}],"author":[{"embeddable":true,"href":"https:\/\/guayoyo24.com\/website\/wp-json\/wp\/v2\/users\/3"}],"replies":[{"embeddable":true,"href":"https:\/\/guayoyo24.com\/website\/wp-json\/wp\/v2\/comments?post=33151"}],"version-history":[{"count":2,"href":"https:\/\/guayoyo24.com\/website\/wp-json\/wp\/v2\/posts\/33151\/revisions"}],"predecessor-version":[{"id":33156,"href":"https:\/\/guayoyo24.com\/website\/wp-json\/wp\/v2\/posts\/33151\/revisions\/33156"}],"wp:featuredmedia":[{"embeddable":true,"href":"https:\/\/guayoyo24.com\/website\/wp-json\/wp\/v2\/media\/33152"}],"wp:attachment":[{"href":"https:\/\/guayoyo24.com\/website\/wp-json\/wp\/v2\/media?parent=33151"}],"wp:term":[{"taxonomy":"category","embeddable":true,"href":"https:\/\/guayoyo24.com\/website\/wp-json\/wp\/v2\/categories?post=33151"},{"taxonomy":"post_tag","embeddable":true,"href":"https:\/\/guayoyo24.com\/website\/wp-json\/wp\/v2\/tags?post=33151"}],"curies":[{"name":"wp","href":"https:\/\/api.w.org\/{rel}","templated":true}]}}