{"id":3408,"date":"2024-05-21T10:29:20","date_gmt":"2024-05-21T14:29:20","guid":{"rendered":"https:\/\/guayoyo24.com\/website\/?p=3408"},"modified":"2024-05-22T19:04:32","modified_gmt":"2024-05-22T23:04:32","slug":"rehabilitan-pozo-en-portuguesa-que-dara-agua-a-comunidad-rural","status":"publish","type":"post","link":"https:\/\/guayoyo24.com\/website\/2024\/05\/21\/rehabilitan-pozo-en-portuguesa-que-dara-agua-a-comunidad-rural\/","title":{"rendered":"Rehabilitan pozo en Portuguesa que dar\u00e1 agua a comunidad rural"},"content":{"rendered":"<p style=\"text-align: justify;\">Especial\/AVN<\/p>\n<p style=\"text-align: justify;\">En la zona rural del estado Portuguesa fue rehabilitado un nuevo pozo que suministrar\u00e1 agua potable a los habitantes del caser\u00edo Las Matas, en el municipio Guanare.<\/p>\n<p style=\"text-align: justify;\">El jefe de comunidad Francisco Zambrano inform\u00f3 que la reactivaci\u00f3n de la unidad es un beneficio para m\u00e1s de 120 personas que habitan en los sectores 1 y 2 de Las Matas y vienen de padecer la falta de agua por tuber\u00eda en sus hogares.<br \/>\n\u00abEstamos eternamente agradecidos porque ten\u00edamos m\u00e1s de 21 a\u00f1os sin agua\u00bb, expres\u00f3.<\/p>\n<p style=\"text-align: justify;\">Zambrano destac\u00f3 que la puesta en funcionamiento de esta fuente subterr\u00e1nea de agua impactar\u00e1 de manera positiva y significativa en la calidad de vida de una comunidad rural a la que lleg\u00f3 La Fiesta del Agua, el plan con el que se recuperan las redes de producci\u00f3n, distribuci\u00f3n y potabilizaci\u00f3n de agua en los 14 municipios de Portuguesa.<\/p>\n<p style=\"text-align: justify;\">Con el plan se reactivaron en la entidad 290 pozos que estaban fuera de servicio por aver\u00edas mec\u00e1nicas, por falta de equipos el\u00e9ctricos y otras causa<\/p>\n","protected":false},"excerpt":{"rendered":"<p>Especial\/AVN En la zona rural del estado Portuguesa fue rehabilitado un nuevo pozo que suministrar\u00e1 agua potable a los habitantes del caser\u00edo Las Matas, en el municipio Guanare. El jefe de comunidad Francisco Zambrano inform\u00f3 que la reactivaci\u00f3n de la unidad es un beneficio para m\u00e1s de 120 personas que habitan en los sectores 1 &hellip;<\/p>\n","protected":false},"author":1,"featured_media":3412,"comment_status":"open","ping_status":"open","sticky":false,"template":"","format":"standard","meta":{"_eb_attr":"","_jetpack_memberships_contains_paid_content":false,"footnotes":""},"categories":[25],"tags":[],"class_list":["post-3408","post","type-post","status-publish","format-standard","has-post-thumbnail","hentry","category-region"],"jetpack_sharing_enabled":true,"jetpack_featured_media_url":"https:\/\/guayoyo24.com\/website\/wp-content\/uploads\/2024\/05\/WhatsApp-Image-2024-05-21-at-9.25.12-AM.jpeg","_links":{"self":[{"href":"https:\/\/guayoyo24.com\/website\/wp-json\/wp\/v2\/posts\/3408","targetHints":{"allow":["GET"]}}],"collection":[{"href":"https:\/\/guayoyo24.com\/website\/wp-json\/wp\/v2\/posts"}],"about":[{"href":"https:\/\/guayoyo24.com\/website\/wp-json\/wp\/v2\/types\/post"}],"author":[{"embeddable":true,"href":"https:\/\/guayoyo24.com\/website\/wp-json\/wp\/v2\/users\/1"}],"replies":[{"embeddable":true,"href":"https:\/\/guayoyo24.com\/website\/wp-json\/wp\/v2\/comments?post=3408"}],"version-history":[{"count":2,"href":"https:\/\/guayoyo24.com\/website\/wp-json\/wp\/v2\/posts\/3408\/revisions"}],"predecessor-version":[{"id":3487,"href":"https:\/\/guayoyo24.com\/website\/wp-json\/wp\/v2\/posts\/3408\/revisions\/3487"}],"wp:featuredmedia":[{"embeddable":true,"href":"https:\/\/guayoyo24.com\/website\/wp-json\/wp\/v2\/media\/3412"}],"wp:attachment":[{"href":"https:\/\/guayoyo24.com\/website\/wp-json\/wp\/v2\/media?parent=3408"}],"wp:term":[{"taxonomy":"category","embeddable":true,"href":"https:\/\/guayoyo24.com\/website\/wp-json\/wp\/v2\/categories?post=3408"},{"taxonomy":"post_tag","embeddable":true,"href":"https:\/\/guayoyo24.com\/website\/wp-json\/wp\/v2\/tags?post=3408"}],"curies":[{"name":"wp","href":"https:\/\/api.w.org\/{rel}","templated":true}]}}