{"id":3866,"date":"2024-05-29T21:50:37","date_gmt":"2024-05-30T01:50:37","guid":{"rendered":"https:\/\/guayoyo24.com\/website\/?p=3866"},"modified":"2024-05-30T17:28:06","modified_gmt":"2024-05-30T21:28:06","slug":"ministerio-de-educacion-modifica-fecha-de-fin-de-ano-escolar","status":"publish","type":"post","link":"https:\/\/guayoyo24.com\/website\/2024\/05\/29\/ministerio-de-educacion-modifica-fecha-de-fin-de-ano-escolar\/","title":{"rendered":"Ministerio de Educaci\u00f3n modifica fecha de fin de a\u00f1o escolar"},"content":{"rendered":"<p style=\"text-align: justify;\">Luisa Pernalete, docente y coordinadora del proyecto de Ciudadan\u00eda y Paz de Fe y Alegr\u00eda, alert\u00f3 que las elecciones presidenciales del 28 de julio afectar\u00e1n el fin del a\u00f1o escolar en todos los niveles.<\/p>\n<p style=\"text-align: justify;\">Pernalete se\u00f1al\u00f3 que el Ministerio de Educaci\u00f3n envi\u00f3 un calendario que indica que preescolar y primaria terminar\u00e1n clases entre el 5 y 10 de julio. Por su parte, los estudiantes de bachillerato concluir\u00e1n el a\u00f1o escolar a finales de junio.<\/p>\n<p style=\"text-align: justify;\">La docente indic\u00f3 que el cambio del calendario escolar no afectar\u00e1 directamente las clases y a los estudiantes. Sin embargo, s\u00ed tendr\u00e1 consecuencias en el cierre del a\u00f1o escolar que deben hacer los profesores durante julio, mes en el que ser\u00e1n las elecciones.<\/p>\n<p style=\"text-align: justify;\">\u00abLo que s\u00ed es que nos altera la parte de evaluaci\u00f3n, las reuniones que se hacen en los colegios para evaluar el a\u00f1o y ver c\u00f3mo nos fue. Debemos calcular que esa semana antes podr\u00eda tomarlo el Plan Rep\u00fablica\u00bb, expuso al periodista Rom\u00e1n Lozinski.<\/p>\n<p style=\"text-align: justify;\">La especialista subray\u00f3 que la fecha de las elecciones \u00abaltera el fin de a\u00f1o escolar\u00bb en todo el pa\u00eds. \u00abHubiera preferido que fueran en otro momento\u00bb, indic\u00f3 Pernalete, quien record\u00f3 que julio es uno de los meses m\u00e1s importantes en la educaci\u00f3n.<\/p>\n<p style=\"text-align: justify;\">Fausto Romeo, director general de Consenso Educativo y Coordinador Sectorial de Consecomercio, indic\u00f3 que el a\u00f1o escolar iba a terminar en julio. No obstante, record\u00f3 que el calendario original fue establecido antes del llamado a elecciones.<\/p>\n<p style=\"text-align: justify;\">\u00ab(Las autoridades) podr\u00edan haber hecho otra cosa. \u00bfQu\u00e9 hemos hecho en el sistema educativo? Adelantarnos seis d\u00edas\u00bb, expuso Romeo, quien precis\u00f3 que actos administrativos y ex\u00e1menes remediales tendr\u00e1n que llevarse a cabo antes de las presidenciales.<\/p>\n<p style=\"text-align: justify;\">Igualmente, los expertos advirtieron que las elecciones son el menor problema que han tenido este a\u00f1o escolar. Su principal preocupaci\u00f3n son los colegios que tan solo dan clases dos veces a la semana o la crisis que vive el sector educativo.<\/p>\n","protected":false},"excerpt":{"rendered":"<p>Luisa Pernalete, docente y coordinadora del proyecto de Ciudadan\u00eda y Paz de Fe y Alegr\u00eda, alert\u00f3 que las elecciones presidenciales del 28 de julio afectar\u00e1n el fin del a\u00f1o escolar en todos los niveles. Pernalete se\u00f1al\u00f3 que el Ministerio de Educaci\u00f3n envi\u00f3 un calendario que indica que preescolar y primaria terminar\u00e1n clases entre el 5 &hellip;<\/p>\n","protected":false},"author":1,"featured_media":3867,"comment_status":"open","ping_status":"open","sticky":false,"template":"","format":"standard","meta":{"_eb_attr":"","_jetpack_memberships_contains_paid_content":false,"footnotes":""},"categories":[26],"tags":[],"class_list":["post-3866","post","type-post","status-publish","format-standard","has-post-thumbnail","hentry","category-nacionales"],"jetpack_sharing_enabled":true,"jetpack_featured_media_url":"https:\/\/guayoyo24.com\/website\/wp-content\/uploads\/2024\/05\/WhatsApp-Image-2024-05-29-at-7.49.43-PM.jpeg","_links":{"self":[{"href":"https:\/\/guayoyo24.com\/website\/wp-json\/wp\/v2\/posts\/3866","targetHints":{"allow":["GET"]}}],"collection":[{"href":"https:\/\/guayoyo24.com\/website\/wp-json\/wp\/v2\/posts"}],"about":[{"href":"https:\/\/guayoyo24.com\/website\/wp-json\/wp\/v2\/types\/post"}],"author":[{"embeddable":true,"href":"https:\/\/guayoyo24.com\/website\/wp-json\/wp\/v2\/users\/1"}],"replies":[{"embeddable":true,"href":"https:\/\/guayoyo24.com\/website\/wp-json\/wp\/v2\/comments?post=3866"}],"version-history":[{"count":2,"href":"https:\/\/guayoyo24.com\/website\/wp-json\/wp\/v2\/posts\/3866\/revisions"}],"predecessor-version":[{"id":3937,"href":"https:\/\/guayoyo24.com\/website\/wp-json\/wp\/v2\/posts\/3866\/revisions\/3937"}],"wp:featuredmedia":[{"embeddable":true,"href":"https:\/\/guayoyo24.com\/website\/wp-json\/wp\/v2\/media\/3867"}],"wp:attachment":[{"href":"https:\/\/guayoyo24.com\/website\/wp-json\/wp\/v2\/media?parent=3866"}],"wp:term":[{"taxonomy":"category","embeddable":true,"href":"https:\/\/guayoyo24.com\/website\/wp-json\/wp\/v2\/categories?post=3866"},{"taxonomy":"post_tag","embeddable":true,"href":"https:\/\/guayoyo24.com\/website\/wp-json\/wp\/v2\/tags?post=3866"}],"curies":[{"name":"wp","href":"https:\/\/api.w.org\/{rel}","templated":true}]}}