{"id":3883,"date":"2024-05-30T07:44:49","date_gmt":"2024-05-30T11:44:49","guid":{"rendered":"https:\/\/guayoyo24.com\/website\/?p=3883"},"modified":"2024-05-30T17:28:42","modified_gmt":"2024-05-30T21:28:42","slug":"inauguran-xix-edicion-de-la-filven-en-portuguesa","status":"publish","type":"post","link":"https:\/\/guayoyo24.com\/website\/2024\/05\/30\/inauguran-xix-edicion-de-la-filven-en-portuguesa\/","title":{"rendered":"Inauguran XIX edici\u00f3n de la Filven en Portuguesa"},"content":{"rendered":"<p>&nbsp;<\/p>\n<p>Especial.-<\/p>\n<p>Con el lema Leernos reencuentra, la 19.\u00aa Filven se instala en Portuguesa, del 29 al 31 de mayo, el encuentro con las letras se realizar en Acarigua, en el monumento La Espiga.<\/p>\n<p>Esta edici\u00f3n regional de la m\u00e1xima fiesta literaria del pa\u00eds es organizada por el Ministerio del Poder Popular para la Cultura, a trav\u00e9s del Centro Nacional del Libro (Cenal) y Gabinete Estadal de Cultura, en coordinaci\u00f3n con autoridades regionales.<\/p>\n<p>Los portuguese\u00f1os podr\u00e1n acceder a novedades literarias y disfrutar de presentaciones de libros, charlas, conferencias, talleres y diversas expresiones art\u00edsticas y culturales. Las ni\u00f1as y ni\u00f1os podr\u00e1n gozar de espacios dedicados para ellos.<\/p>\n<p>Se destaca que 19.\u00aa Filven rinde homenaje a los escritores nacionales Carmen Delia Bencomo, Domingo Alberto Rangel y Armando Car\u00edas.<br \/>\nEn Portuguesa los escritores regionales homenajeados son: Eva Medina, poeta nacida en Araure, autora del cuento infantil ambientalista \u201cPececito\u201d y del libro \u201cTodos tus sue\u00f1os\u201d, publicado por El perro y la rana; y, Silvio de Jes\u00fas Mora Ochoa, guanare\u00f1o quien se ha destacado como poeta, cronista, analista pol\u00edtico, locutor, articulista, columnista, consultor pol\u00edtico y comunicacional, docente y diputado a la Asamblea Nacional.<\/p>\n<p><img fetchpriority=\"high\" decoding=\"async\" class=\"alignnone wp-image-3886 size-full\" src=\"https:\/\/guayoyo24.com\/website\/wp-content\/uploads\/2024\/05\/WhatsApp-Image-2024-05-29-at-1.17.41-PM.jpeg\" alt=\"\" width=\"428\" height=\"285\" srcset=\"https:\/\/guayoyo24.com\/website\/wp-content\/uploads\/2024\/05\/WhatsApp-Image-2024-05-29-at-1.17.41-PM.jpeg 428w, https:\/\/guayoyo24.com\/website\/wp-content\/uploads\/2024\/05\/WhatsApp-Image-2024-05-29-at-1.17.41-PM-300x200.jpeg 300w\" sizes=\"(max-width: 428px) 100vw, 428px\" \/><\/p>\n<p><img decoding=\"async\" class=\"alignnone wp-image-3884 size-large\" src=\"https:\/\/guayoyo24.com\/website\/wp-content\/uploads\/2024\/05\/WhatsApp-Image-2024-05-29-at-8.05.54-PM-3-1024x768.jpeg\" alt=\"\" width=\"1024\" height=\"768\" srcset=\"https:\/\/guayoyo24.com\/website\/wp-content\/uploads\/2024\/05\/WhatsApp-Image-2024-05-29-at-8.05.54-PM-3-1024x768.jpeg 1024w, https:\/\/guayoyo24.com\/website\/wp-content\/uploads\/2024\/05\/WhatsApp-Image-2024-05-29-at-8.05.54-PM-3-300x225.jpeg 300w, https:\/\/guayoyo24.com\/website\/wp-content\/uploads\/2024\/05\/WhatsApp-Image-2024-05-29-at-8.05.54-PM-3-768x576.jpeg 768w, https:\/\/guayoyo24.com\/website\/wp-content\/uploads\/2024\/05\/WhatsApp-Image-2024-05-29-at-8.05.54-PM-3.jpeg 1080w\" sizes=\"(max-width: 1024px) 100vw, 1024px\" \/><\/p>\n","protected":false},"excerpt":{"rendered":"<p>&nbsp; Especial.- Con el lema Leernos reencuentra, la 19.\u00aa Filven se instala en Portuguesa, del 29 al 31 de mayo, el encuentro con las letras se realizar en Acarigua, en el monumento La Espiga. Esta edici\u00f3n regional de la m\u00e1xima fiesta literaria del pa\u00eds es organizada por el Ministerio del Poder Popular para la Cultura, &hellip;<\/p>\n","protected":false},"author":1,"featured_media":3885,"comment_status":"open","ping_status":"open","sticky":false,"template":"","format":"standard","meta":{"_eb_attr":"","_jetpack_memberships_contains_paid_content":false,"footnotes":""},"categories":[25,30],"tags":[],"class_list":["post-3883","post","type-post","status-publish","format-standard","has-post-thumbnail","hentry","category-region","category-tendencia"],"jetpack_sharing_enabled":true,"jetpack_featured_media_url":"https:\/\/guayoyo24.com\/website\/wp-content\/uploads\/2024\/05\/WhatsApp-Image-2024-05-29-at-8.05.54-PM-2.jpeg","_links":{"self":[{"href":"https:\/\/guayoyo24.com\/website\/wp-json\/wp\/v2\/posts\/3883","targetHints":{"allow":["GET"]}}],"collection":[{"href":"https:\/\/guayoyo24.com\/website\/wp-json\/wp\/v2\/posts"}],"about":[{"href":"https:\/\/guayoyo24.com\/website\/wp-json\/wp\/v2\/types\/post"}],"author":[{"embeddable":true,"href":"https:\/\/guayoyo24.com\/website\/wp-json\/wp\/v2\/users\/1"}],"replies":[{"embeddable":true,"href":"https:\/\/guayoyo24.com\/website\/wp-json\/wp\/v2\/comments?post=3883"}],"version-history":[{"count":1,"href":"https:\/\/guayoyo24.com\/website\/wp-json\/wp\/v2\/posts\/3883\/revisions"}],"predecessor-version":[{"id":3887,"href":"https:\/\/guayoyo24.com\/website\/wp-json\/wp\/v2\/posts\/3883\/revisions\/3887"}],"wp:featuredmedia":[{"embeddable":true,"href":"https:\/\/guayoyo24.com\/website\/wp-json\/wp\/v2\/media\/3885"}],"wp:attachment":[{"href":"https:\/\/guayoyo24.com\/website\/wp-json\/wp\/v2\/media?parent=3883"}],"wp:term":[{"taxonomy":"category","embeddable":true,"href":"https:\/\/guayoyo24.com\/website\/wp-json\/wp\/v2\/categories?post=3883"},{"taxonomy":"post_tag","embeddable":true,"href":"https:\/\/guayoyo24.com\/website\/wp-json\/wp\/v2\/tags?post=3883"}],"curies":[{"name":"wp","href":"https:\/\/api.w.org\/{rel}","templated":true}]}}