{"id":4077,"date":"2024-06-01T12:29:38","date_gmt":"2024-06-01T16:29:38","guid":{"rendered":"https:\/\/guayoyo24.com\/website\/?p=4077"},"modified":"2024-06-03T07:39:51","modified_gmt":"2024-06-03T11:39:51","slug":"movimiento-campesino-asegura-que-la-oposicion-no-tiene-propuesta-clara-para-el-sector","status":"publish","type":"post","link":"https:\/\/guayoyo24.com\/website\/2024\/06\/01\/movimiento-campesino-asegura-que-la-oposicion-no-tiene-propuesta-clara-para-el-sector\/","title":{"rendered":"Movimiento Campesino asegura que la oposici\u00f3n no tiene propuesta clara para el sector"},"content":{"rendered":"<p>Especial.-<\/p>\n<p>Antes las declaraciones ofrecidas por el candidato presidencial por el partido Acci\u00f3n Democr\u00e1tica, Luis Eduardo Mart\u00ednez desde Apure, representantes de diferentes movimientos campesinos de Portuguesa rechazaron su proyecto, pues aseguran que \u00e9ste no brinda pol\u00edticas que apoyen a los trabajadores del campo.<\/p>\n<p>Maria Carrillo, vocera de la comisi\u00f3n nacional de tierra en la regi\u00f3n, expres\u00f3 que los campesinos defender\u00e1n sus tierras y la producci\u00f3n, junto al presidente Nicol\u00e1s Maduro, mandatario que ha creado pol\u00edticas que les permiten salir adelante con sus cosechas.<\/p>\n<p>Asimismo, Marcos Arena, miembro de la Federaci\u00f3n Campesina, manifest\u00f3 que \u201cesa propuesta de ese candidato de AD no es m\u00e1s que un carmonazo, por eso rechazamos ese plan de gobierno que dio a concoer desde Apure\u00bb.<\/p>\n<p>Cabe destacar que durante esta rueda de prensa los voceros aseguran que la oposici\u00f3n busca arremeter contra los campesinos, sin embargo desde sus filas est\u00e1n listos para defender a la revoluci\u00f3n y lograr la victoria de pr\u00f3ximo 28 de julio.<\/p>\n","protected":false},"excerpt":{"rendered":"<p>Especial.- Antes las declaraciones ofrecidas por el candidato presidencial por el partido Acci\u00f3n Democr\u00e1tica, Luis Eduardo Mart\u00ednez desde Apure, representantes de diferentes movimientos campesinos de Portuguesa rechazaron su proyecto, pues aseguran que \u00e9ste no brinda pol\u00edticas que apoyen a los trabajadores del campo. Maria Carrillo, vocera de la comisi\u00f3n nacional de tierra en la regi\u00f3n, &hellip;<\/p>\n","protected":false},"author":1,"featured_media":4078,"comment_status":"open","ping_status":"open","sticky":false,"template":"","format":"standard","meta":{"_eb_attr":"","_jetpack_memberships_contains_paid_content":false,"footnotes":""},"categories":[25],"tags":[],"class_list":["post-4077","post","type-post","status-publish","format-standard","has-post-thumbnail","hentry","category-region"],"jetpack_sharing_enabled":true,"jetpack_featured_media_url":"https:\/\/guayoyo24.com\/website\/wp-content\/uploads\/2024\/06\/WhatsApp-Image-2024-05-31-at-11.50.35-AM.jpeg","_links":{"self":[{"href":"https:\/\/guayoyo24.com\/website\/wp-json\/wp\/v2\/posts\/4077","targetHints":{"allow":["GET"]}}],"collection":[{"href":"https:\/\/guayoyo24.com\/website\/wp-json\/wp\/v2\/posts"}],"about":[{"href":"https:\/\/guayoyo24.com\/website\/wp-json\/wp\/v2\/types\/post"}],"author":[{"embeddable":true,"href":"https:\/\/guayoyo24.com\/website\/wp-json\/wp\/v2\/users\/1"}],"replies":[{"embeddable":true,"href":"https:\/\/guayoyo24.com\/website\/wp-json\/wp\/v2\/comments?post=4077"}],"version-history":[{"count":1,"href":"https:\/\/guayoyo24.com\/website\/wp-json\/wp\/v2\/posts\/4077\/revisions"}],"predecessor-version":[{"id":4079,"href":"https:\/\/guayoyo24.com\/website\/wp-json\/wp\/v2\/posts\/4077\/revisions\/4079"}],"wp:featuredmedia":[{"embeddable":true,"href":"https:\/\/guayoyo24.com\/website\/wp-json\/wp\/v2\/media\/4078"}],"wp:attachment":[{"href":"https:\/\/guayoyo24.com\/website\/wp-json\/wp\/v2\/media?parent=4077"}],"wp:term":[{"taxonomy":"category","embeddable":true,"href":"https:\/\/guayoyo24.com\/website\/wp-json\/wp\/v2\/categories?post=4077"},{"taxonomy":"post_tag","embeddable":true,"href":"https:\/\/guayoyo24.com\/website\/wp-json\/wp\/v2\/tags?post=4077"}],"curies":[{"name":"wp","href":"https:\/\/api.w.org\/{rel}","templated":true}]}}