{"id":4807,"date":"2024-06-15T11:27:46","date_gmt":"2024-06-15T15:27:46","guid":{"rendered":"https:\/\/guayoyo24.com\/website\/?p=4807"},"modified":"2024-06-17T10:53:30","modified_gmt":"2024-06-17T14:53:30","slug":"mcs-javier-alexander-escalona-paez-siempre-se-mostro-como-el-mas-infatigable-de-los-enemigos-de-los-espanoles","status":"publish","type":"post","link":"https:\/\/guayoyo24.com\/website\/2024\/06\/15\/mcs-javier-alexander-escalona-paez-siempre-se-mostro-como-el-mas-infatigable-de-los-enemigos-de-los-espanoles\/","title":{"rendered":"Mcs. Javier Alexander Escalona | \u201cP\u00e1ez siempre se mostr\u00f3 como el m\u00e1s infatigable de los enemigos de los espa\u00f1oles\u201d"},"content":{"rendered":"<p style=\"text-align: justify;\"><strong>ESPECIAL<\/strong><\/p>\n<p style=\"text-align: justify;\">En el marco de la celebraci\u00f3n de los 234 a\u00f1os del natalicio del General Jos\u00e9 Antonio P\u00e1ez, se llev\u00f3 a cabo una sesi\u00f3n solemne en el sal\u00f3n principal de la Expo Ferias de P\u00e1ez 2024 en la Manga General Jos\u00e9 Antonio P\u00e1ez de Acarigua.<\/p>\n<p style=\"text-align: justify;\"><img fetchpriority=\"high\" decoding=\"async\" class=\"alignnone size-full wp-image-4810\" src=\"https:\/\/guayoyo24.com\/website\/wp-content\/uploads\/2024\/06\/IMG_20240613_213138_075.webp\" alt=\"\" width=\"1440\" height=\"1440\" srcset=\"https:\/\/guayoyo24.com\/website\/wp-content\/uploads\/2024\/06\/IMG_20240613_213138_075.webp 1440w, https:\/\/guayoyo24.com\/website\/wp-content\/uploads\/2024\/06\/IMG_20240613_213138_075-300x300.webp 300w, https:\/\/guayoyo24.com\/website\/wp-content\/uploads\/2024\/06\/IMG_20240613_213138_075-1024x1024.webp 1024w, https:\/\/guayoyo24.com\/website\/wp-content\/uploads\/2024\/06\/IMG_20240613_213138_075-150x150.webp 150w, https:\/\/guayoyo24.com\/website\/wp-content\/uploads\/2024\/06\/IMG_20240613_213138_075-768x768.webp 768w\" sizes=\"(max-width: 1440px) 100vw, 1440px\" \/><\/p>\n<p style=\"text-align: justify;\">Este importante evento a cargo del Concejo Municipal de P\u00e1ez, cont\u00f3 con la presencia del alcalde Rafael Torrealba, la secretaria general de gobierno Amarilys P\u00e9rez, la primera combatiente Marilys P\u00e9rez de Torrealba, entre otras autoridades nacionales e internacionales.<\/p>\n<p style=\"text-align: justify;\">Como orador de orden estuvo el Mcs. Javier Alexander Escalona, quien durante su discurso destac\u00f3 la importancia hist\u00f3rica y el legado del General Jos\u00e9 Antonio P\u00e1ez en la lucha por la independencia de Venezuela.<\/p>\n<p><img decoding=\"async\" class=\"alignnone size-full wp-image-4809\" src=\"https:\/\/guayoyo24.com\/website\/wp-content\/uploads\/2024\/06\/IMG_20240613_213138_172.webp\" alt=\"\" width=\"1440\" height=\"1440\" srcset=\"https:\/\/guayoyo24.com\/website\/wp-content\/uploads\/2024\/06\/IMG_20240613_213138_172.webp 1440w, https:\/\/guayoyo24.com\/website\/wp-content\/uploads\/2024\/06\/IMG_20240613_213138_172-300x300.webp 300w, https:\/\/guayoyo24.com\/website\/wp-content\/uploads\/2024\/06\/IMG_20240613_213138_172-1024x1024.webp 1024w, https:\/\/guayoyo24.com\/website\/wp-content\/uploads\/2024\/06\/IMG_20240613_213138_172-150x150.webp 150w, https:\/\/guayoyo24.com\/website\/wp-content\/uploads\/2024\/06\/IMG_20240613_213138_172-768x768.webp 768w\" sizes=\"(max-width: 1440px) 100vw, 1440px\" \/><\/p>\n<p style=\"text-align: justify;\">Escalona resalt\u00f3 la valent\u00eda y el liderazgo del Le\u00f3n de Payara, as\u00ed como su contribuci\u00f3n a la consolidaci\u00f3n de la Rep\u00fablica, \u201cP\u00e1ez siempre se mostr\u00f3 como el m\u00e1s infatigable de los enemigos de los espa\u00f1oles. \u00c9l que fue quien le dio tono popular al bando patriota en los llanos occidentales\u201d, sentenci\u00f3.<\/p>\n<p><img decoding=\"async\" class=\"alignnone size-full wp-image-4811\" src=\"https:\/\/guayoyo24.com\/website\/wp-content\/uploads\/2024\/06\/IMG_20240613_213138_132.webp\" alt=\"\" width=\"1440\" height=\"1440\" srcset=\"https:\/\/guayoyo24.com\/website\/wp-content\/uploads\/2024\/06\/IMG_20240613_213138_132.webp 1440w, https:\/\/guayoyo24.com\/website\/wp-content\/uploads\/2024\/06\/IMG_20240613_213138_132-300x300.webp 300w, https:\/\/guayoyo24.com\/website\/wp-content\/uploads\/2024\/06\/IMG_20240613_213138_132-1024x1024.webp 1024w, https:\/\/guayoyo24.com\/website\/wp-content\/uploads\/2024\/06\/IMG_20240613_213138_132-150x150.webp 150w, https:\/\/guayoyo24.com\/website\/wp-content\/uploads\/2024\/06\/IMG_20240613_213138_132-768x768.webp 768w\" sizes=\"(max-width: 1440px) 100vw, 1440px\" \/><\/p>\n<p><img loading=\"lazy\" decoding=\"async\" class=\"alignnone size-full wp-image-4812\" src=\"https:\/\/guayoyo24.com\/website\/wp-content\/uploads\/2024\/06\/IMG_20240613_213138_388.webp\" alt=\"\" width=\"1440\" height=\"1440\" srcset=\"https:\/\/guayoyo24.com\/website\/wp-content\/uploads\/2024\/06\/IMG_20240613_213138_388.webp 1440w, https:\/\/guayoyo24.com\/website\/wp-content\/uploads\/2024\/06\/IMG_20240613_213138_388-300x300.webp 300w, https:\/\/guayoyo24.com\/website\/wp-content\/uploads\/2024\/06\/IMG_20240613_213138_388-1024x1024.webp 1024w, https:\/\/guayoyo24.com\/website\/wp-content\/uploads\/2024\/06\/IMG_20240613_213138_388-150x150.webp 150w, https:\/\/guayoyo24.com\/website\/wp-content\/uploads\/2024\/06\/IMG_20240613_213138_388-768x768.webp 768w\" sizes=\"(max-width: 1440px) 100vw, 1440px\" \/><\/p>\n","protected":false},"excerpt":{"rendered":"<p>ESPECIAL En el marco de la celebraci\u00f3n de los 234 a\u00f1os del natalicio del General Jos\u00e9 Antonio P\u00e1ez, se llev\u00f3 a cabo una sesi\u00f3n solemne en el sal\u00f3n principal de la Expo Ferias de P\u00e1ez 2024 en la Manga General Jos\u00e9 Antonio P\u00e1ez de Acarigua. Este importante evento a cargo del Concejo Municipal de P\u00e1ez, &hellip;<\/p>\n","protected":false},"author":1,"featured_media":4808,"comment_status":"open","ping_status":"open","sticky":false,"template":"","format":"standard","meta":{"_eb_attr":"","_jetpack_memberships_contains_paid_content":false,"footnotes":""},"categories":[25],"tags":[],"class_list":["post-4807","post","type-post","status-publish","format-standard","has-post-thumbnail","hentry","category-region"],"jetpack_sharing_enabled":true,"jetpack_featured_media_url":"https:\/\/guayoyo24.com\/website\/wp-content\/uploads\/2024\/06\/IMG_20240613_213138_284.webp","_links":{"self":[{"href":"https:\/\/guayoyo24.com\/website\/wp-json\/wp\/v2\/posts\/4807","targetHints":{"allow":["GET"]}}],"collection":[{"href":"https:\/\/guayoyo24.com\/website\/wp-json\/wp\/v2\/posts"}],"about":[{"href":"https:\/\/guayoyo24.com\/website\/wp-json\/wp\/v2\/types\/post"}],"author":[{"embeddable":true,"href":"https:\/\/guayoyo24.com\/website\/wp-json\/wp\/v2\/users\/1"}],"replies":[{"embeddable":true,"href":"https:\/\/guayoyo24.com\/website\/wp-json\/wp\/v2\/comments?post=4807"}],"version-history":[{"count":1,"href":"https:\/\/guayoyo24.com\/website\/wp-json\/wp\/v2\/posts\/4807\/revisions"}],"predecessor-version":[{"id":4813,"href":"https:\/\/guayoyo24.com\/website\/wp-json\/wp\/v2\/posts\/4807\/revisions\/4813"}],"wp:featuredmedia":[{"embeddable":true,"href":"https:\/\/guayoyo24.com\/website\/wp-json\/wp\/v2\/media\/4808"}],"wp:attachment":[{"href":"https:\/\/guayoyo24.com\/website\/wp-json\/wp\/v2\/media?parent=4807"}],"wp:term":[{"taxonomy":"category","embeddable":true,"href":"https:\/\/guayoyo24.com\/website\/wp-json\/wp\/v2\/categories?post=4807"},{"taxonomy":"post_tag","embeddable":true,"href":"https:\/\/guayoyo24.com\/website\/wp-json\/wp\/v2\/tags?post=4807"}],"curies":[{"name":"wp","href":"https:\/\/api.w.org\/{rel}","templated":true}]}}