{"id":4876,"date":"2024-06-17T10:09:21","date_gmt":"2024-06-17T14:09:21","guid":{"rendered":"https:\/\/guayoyo24.com\/website\/?p=4876"},"modified":"2024-06-18T06:27:08","modified_gmt":"2024-06-18T10:27:08","slug":"presidente-maduro-recibio-a-alcaldes-opositores-de-barinas","status":"publish","type":"post","link":"https:\/\/guayoyo24.com\/website\/2024\/06\/17\/presidente-maduro-recibio-a-alcaldes-opositores-de-barinas\/","title":{"rendered":"Presidente Maduro recibi\u00f3 a alcaldes opositores de Barinas"},"content":{"rendered":"<div class=\"td_block_wrap tdb_title tdi_88 tdb-single-title td-pb-border-top td_block_template_1\" data-td-block-uid=\"tdi_88\">\n<div class=\"tdb-block-inner td-fix-index\">\n<div class=\"td_block_wrap tdb_single_subtitle tdi_89 td-pb-border-top td_block_template_1\" data-td-block-uid=\"tdi_89\">\n<div class=\"tdb-block-inner td-fix-index\">\n<p>En el intercambio de ideas con el Jefe de Estado, los alcaldes llaneros expresaron su posici\u00f3n en cuanto al llamado a la paz nacional<\/p>\n<\/div>\n<div class=\"td_block_wrap tdb_single_subtitle tdi_89 td-pb-border-top td_block_template_1\" data-td-block-uid=\"tdi_89\">\n<div class=\"tdb-block-inner td-fix-index\">\n<p>En el intercambio de ideas con el Jefe de Estado, los alcaldes llaneros expresaron su posici\u00f3n en cuanto al llamado a la paz nacional<\/p>\n<p>Por parte del Gobierno Nacional, asistieron el presidente de la Asamblea Nacional, Jorge Rodr\u00edguez; el ministro del Poder Popular para el Transporte, Ram\u00f3n Vel\u00e1squez Araguay\u00e1n; y la Primera Combatiente de la Rep\u00fablica, Cilia Flores.<\/p>\n<p>En el intercambio de ideas con el Jefe de Estado, los alcaldes llaneros expresaron su posici\u00f3n en cuanto al llamado a la paz nacional.<\/p>\n<p>Al t\u00e9rmino del cordial encuentro, el alcalde Frenchy D\u00edaz calific\u00f3 de fructifero el acercamiento que sirvi\u00f3 para exponer \u201ccada una de las necesidades que tenemos en los municipios\u201d.<\/p>\n<p>En este sentido, se\u00f1al\u00f3 que las autoridades del Gobierno \u201cse comprometieron a la culminaci\u00f3n de obras en materia de infraestructura\u201d en la localidad.<\/p>\n<p>Por su parte, Nels\u00f3n Garc\u00eda, del municipio Ezequiel Zamora, manifest\u00f3 su satisfacci\u00f3n \u201ca nombre del pueblo de Zamora, por como nos recibi\u00f3 el Presidente de la Rep\u00fablica\u201d a quien \u201chemos entregado los proyectos y se ha comprometido a apoyarnos\u201d.<\/p>\n<\/div>\n<\/div>\n<div class=\"vc_row_inner tdi_91 vc_row vc_inner wpb_row td-pb-row\">\n<div class=\"vc_column_inner tdi_93 wpb_column vc_column_container tdc-inner-column td-pb-span6\">\n<div class=\"vc_column-inner\">\n<div class=\"wpb_wrapper\">\n<div class=\"td_block_wrap tdb_single_author tdi_94 td-pb-border-top td_block_template_1 tdb-post-meta\" data-td-block-uid=\"tdi_94\">\n<div class=\"tdb-block-inner td-fix-index\">\n<div class=\"tdb-author-name-wrap\"><\/div>\n<\/div>\n<\/div>\n<\/div>\n<\/div>\n<\/div>\n<\/div>\n<\/div>\n<div class=\"vc_row_inner tdi_91 vc_row vc_inner wpb_row td-pb-row\">\n<div class=\"vc_column_inner tdi_93 wpb_column vc_column_container tdc-inner-column td-pb-span6\">\n<div class=\"vc_column-inner\">\n<div class=\"wpb_wrapper\">\n<div class=\"td_block_wrap tdb_single_author tdi_94 td-pb-border-top td_block_template_1 tdb-post-meta\" data-td-block-uid=\"tdi_94\">\n<div class=\"tdb-block-inner td-fix-index\">\n<div class=\"tdb-author-name-wrap\"><\/div>\n<\/div>\n<\/div>\n<\/div>\n<\/div>\n<\/div>\n<\/div>\n<div><\/div>\n<\/div>\n<\/div>\n<div class=\"td_block_wrap tdb_single_subtitle tdi_89 td-pb-border-top td_block_template_1\" data-td-block-uid=\"tdi_89\">\n<div class=\"tdb-block-inner td-fix-index\"><\/div>\n<\/div>\n","protected":false},"excerpt":{"rendered":"<p>En el intercambio de ideas con el Jefe de Estado, los alcaldes llaneros expresaron su posici\u00f3n en cuanto al llamado a la paz nacional En el intercambio de ideas con el Jefe de Estado, los alcaldes llaneros expresaron su posici\u00f3n en cuanto al llamado a la paz nacional Por parte del Gobierno Nacional, asistieron el &hellip;<\/p>\n","protected":false},"author":1,"featured_media":4877,"comment_status":"open","ping_status":"open","sticky":false,"template":"","format":"standard","meta":{"_eb_attr":"","_jetpack_memberships_contains_paid_content":false,"footnotes":""},"categories":[26],"tags":[],"class_list":["post-4876","post","type-post","status-publish","format-standard","has-post-thumbnail","hentry","category-nacionales"],"jetpack_sharing_enabled":true,"jetpack_featured_media_url":"https:\/\/guayoyo24.com\/website\/wp-content\/uploads\/2024\/06\/Maduro-y-alcaldes-opositores-1.webp","_links":{"self":[{"href":"https:\/\/guayoyo24.com\/website\/wp-json\/wp\/v2\/posts\/4876","targetHints":{"allow":["GET"]}}],"collection":[{"href":"https:\/\/guayoyo24.com\/website\/wp-json\/wp\/v2\/posts"}],"about":[{"href":"https:\/\/guayoyo24.com\/website\/wp-json\/wp\/v2\/types\/post"}],"author":[{"embeddable":true,"href":"https:\/\/guayoyo24.com\/website\/wp-json\/wp\/v2\/users\/1"}],"replies":[{"embeddable":true,"href":"https:\/\/guayoyo24.com\/website\/wp-json\/wp\/v2\/comments?post=4876"}],"version-history":[{"count":2,"href":"https:\/\/guayoyo24.com\/website\/wp-json\/wp\/v2\/posts\/4876\/revisions"}],"predecessor-version":[{"id":4879,"href":"https:\/\/guayoyo24.com\/website\/wp-json\/wp\/v2\/posts\/4876\/revisions\/4879"}],"wp:featuredmedia":[{"embeddable":true,"href":"https:\/\/guayoyo24.com\/website\/wp-json\/wp\/v2\/media\/4877"}],"wp:attachment":[{"href":"https:\/\/guayoyo24.com\/website\/wp-json\/wp\/v2\/media?parent=4876"}],"wp:term":[{"taxonomy":"category","embeddable":true,"href":"https:\/\/guayoyo24.com\/website\/wp-json\/wp\/v2\/categories?post=4876"},{"taxonomy":"post_tag","embeddable":true,"href":"https:\/\/guayoyo24.com\/website\/wp-json\/wp\/v2\/tags?post=4876"}],"curies":[{"name":"wp","href":"https:\/\/api.w.org\/{rel}","templated":true}]}}