{"id":5065,"date":"2024-06-19T08:34:01","date_gmt":"2024-06-19T12:34:01","guid":{"rendered":"https:\/\/guayoyo24.com\/website\/?p=5065"},"modified":"2024-06-19T11:08:34","modified_gmt":"2024-06-19T15:08:34","slug":"movimiento-futuro-en-portuguesa-afianza-estrategias-de-trabajo","status":"publish","type":"post","link":"https:\/\/guayoyo24.com\/website\/2024\/06\/19\/movimiento-futuro-en-portuguesa-afianza-estrategias-de-trabajo\/","title":{"rendered":"Movimiento Futuro en Portuguesa afianza estrategias de trabajo"},"content":{"rendered":"<p style=\"text-align: justify;\">Especial.-<\/p>\n<p style=\"text-align: justify;\">En el cono norte de Portuguesa, el equipo Estadal del Movimiento Futuro hizo reuni\u00f3n de trabajo a fin de definir las estrategias a seguir en las pr\u00f3ximas semanas.<\/p>\n<p style=\"text-align: justify;\">La reuni\u00f3n presidida por Vicente Boscan, coordinador regional del Movimiento Futuro en Portuguesa, dijo que hicieron un balance de lo que hasta ahora han logrado, donde cada d\u00eda se suman m\u00e1s voluntarios al trabajo para un mejor futuro de la regi\u00f3n.<\/p>\n<p style=\"text-align: justify;\">En virtud de afianzar las estrategias en el cono norte, donde en cada municipio se conformado los equipos y hasta en algunos casos se han definido las sedes, como en Ospino que recientemente se consolid\u00f3 una infraestructura para avanzar con las tareas y los voluntarios.<\/p>\n<p><img fetchpriority=\"high\" decoding=\"async\" class=\"alignnone wp-image-5067 size-full\" src=\"https:\/\/guayoyo24.com\/website\/wp-content\/uploads\/2024\/06\/WhatsApp-Image-2024-06-18-at-5.16.14-PM-e1718800378909.jpeg\" alt=\"\" width=\"827\" height=\"425\" srcset=\"https:\/\/guayoyo24.com\/website\/wp-content\/uploads\/2024\/06\/WhatsApp-Image-2024-06-18-at-5.16.14-PM-e1718800378909.jpeg 827w, https:\/\/guayoyo24.com\/website\/wp-content\/uploads\/2024\/06\/WhatsApp-Image-2024-06-18-at-5.16.14-PM-e1718800378909-300x154.jpeg 300w, https:\/\/guayoyo24.com\/website\/wp-content\/uploads\/2024\/06\/WhatsApp-Image-2024-06-18-at-5.16.14-PM-e1718800378909-768x395.jpeg 768w\" sizes=\"(max-width: 827px) 100vw, 827px\" \/><\/p>\n","protected":false},"excerpt":{"rendered":"<p>Especial.- En el cono norte de Portuguesa, el equipo Estadal del Movimiento Futuro hizo reuni\u00f3n de trabajo a fin de definir las estrategias a seguir en las pr\u00f3ximas semanas. La reuni\u00f3n presidida por Vicente Boscan, coordinador regional del Movimiento Futuro en Portuguesa, dijo que hicieron un balance de lo que hasta ahora han logrado, donde &hellip;<\/p>\n","protected":false},"author":1,"featured_media":5068,"comment_status":"open","ping_status":"open","sticky":false,"template":"","format":"standard","meta":{"_eb_attr":"","_jetpack_memberships_contains_paid_content":false,"footnotes":""},"categories":[25],"tags":[],"class_list":["post-5065","post","type-post","status-publish","format-standard","has-post-thumbnail","hentry","category-region"],"jetpack_sharing_enabled":true,"jetpack_featured_media_url":"https:\/\/guayoyo24.com\/website\/wp-content\/uploads\/2024\/06\/WhatsApp-Image-2024-06-18-at-5.16.13-PM-e1718800414882.jpeg","_links":{"self":[{"href":"https:\/\/guayoyo24.com\/website\/wp-json\/wp\/v2\/posts\/5065","targetHints":{"allow":["GET"]}}],"collection":[{"href":"https:\/\/guayoyo24.com\/website\/wp-json\/wp\/v2\/posts"}],"about":[{"href":"https:\/\/guayoyo24.com\/website\/wp-json\/wp\/v2\/types\/post"}],"author":[{"embeddable":true,"href":"https:\/\/guayoyo24.com\/website\/wp-json\/wp\/v2\/users\/1"}],"replies":[{"embeddable":true,"href":"https:\/\/guayoyo24.com\/website\/wp-json\/wp\/v2\/comments?post=5065"}],"version-history":[{"count":2,"href":"https:\/\/guayoyo24.com\/website\/wp-json\/wp\/v2\/posts\/5065\/revisions"}],"predecessor-version":[{"id":5088,"href":"https:\/\/guayoyo24.com\/website\/wp-json\/wp\/v2\/posts\/5065\/revisions\/5088"}],"wp:featuredmedia":[{"embeddable":true,"href":"https:\/\/guayoyo24.com\/website\/wp-json\/wp\/v2\/media\/5068"}],"wp:attachment":[{"href":"https:\/\/guayoyo24.com\/website\/wp-json\/wp\/v2\/media?parent=5065"}],"wp:term":[{"taxonomy":"category","embeddable":true,"href":"https:\/\/guayoyo24.com\/website\/wp-json\/wp\/v2\/categories?post=5065"},{"taxonomy":"post_tag","embeddable":true,"href":"https:\/\/guayoyo24.com\/website\/wp-json\/wp\/v2\/tags?post=5065"}],"curies":[{"name":"wp","href":"https:\/\/api.w.org\/{rel}","templated":true}]}}