{"id":5315,"date":"2024-06-24T12:53:01","date_gmt":"2024-06-24T16:53:01","guid":{"rendered":"https:\/\/guayoyo24.com\/website\/?p=5315"},"modified":"2024-06-24T22:02:56","modified_gmt":"2024-06-25T02:02:56","slug":"movimiento-futuro-se-reune-con-sus-coordinadores-en-portuguesa","status":"publish","type":"post","link":"https:\/\/guayoyo24.com\/website\/2024\/06\/24\/movimiento-futuro-se-reune-con-sus-coordinadores-en-portuguesa\/","title":{"rendered":"Movimiento Futuro se re\u00fane con sus coordinadores en Portuguesa"},"content":{"rendered":"<p style=\"text-align: justify;\">REDACCI\u00d3N GUAYOYO.-<\/p>\n<p style=\"text-align: justify;\">El Movimiento Futuro del estado Portuguesa desarroll\u00f3 reuni\u00f3n extraordinaria del equipo promotor, as\u00ed lo inform\u00f3 el coordinador regional Vicente Bosc\u00e1n.<\/p>\n<p style=\"text-align: justify;\">Dijo que en la oportunidad de coordinar en conjunto con los responsables de estructuras y sectores sociales planes estrat\u00e9gicos en pro de Venezuela.<\/p>\n<p style=\"text-align: justify;\">Acot\u00f3 que trabajando en equipo contin\u00faan consolidando espacios y actividades, adem\u00e1s de ir sumando voluntades para el futuro de Venezuela, con el plan de la Patria del Presidente Nicol\u00e1s Maduro y comprometidos en Portuguesa con las pol\u00edticas del gobernador Primitivo Cede\u00f1o.<\/p>\n<p><img fetchpriority=\"high\" decoding=\"async\" class=\"alignnone size-full wp-image-5309\" src=\"https:\/\/guayoyo24.com\/website\/wp-content\/uploads\/2024\/06\/WhatsApp-Image-2024-06-24-at-11.34.52-AM.jpeg\" alt=\"\" width=\"828\" height=\"621\" srcset=\"https:\/\/guayoyo24.com\/website\/wp-content\/uploads\/2024\/06\/WhatsApp-Image-2024-06-24-at-11.34.52-AM.jpeg 828w, https:\/\/guayoyo24.com\/website\/wp-content\/uploads\/2024\/06\/WhatsApp-Image-2024-06-24-at-11.34.52-AM-300x225.jpeg 300w, https:\/\/guayoyo24.com\/website\/wp-content\/uploads\/2024\/06\/WhatsApp-Image-2024-06-24-at-11.34.52-AM-768x576.jpeg 768w\" sizes=\"(max-width: 828px) 100vw, 828px\" \/><\/p>\n","protected":false},"excerpt":{"rendered":"<p>REDACCI\u00d3N GUAYOYO.- El Movimiento Futuro del estado Portuguesa desarroll\u00f3 reuni\u00f3n extraordinaria del equipo promotor, as\u00ed lo inform\u00f3 el coordinador regional Vicente Bosc\u00e1n. Dijo que en la oportunidad de coordinar en conjunto con los responsables de estructuras y sectores sociales planes estrat\u00e9gicos en pro de Venezuela. Acot\u00f3 que trabajando en equipo contin\u00faan consolidando espacios y actividades, &hellip;<\/p>\n","protected":false},"author":1,"featured_media":5306,"comment_status":"open","ping_status":"open","sticky":false,"template":"","format":"standard","meta":{"_eb_attr":"","_jetpack_memberships_contains_paid_content":false,"footnotes":""},"categories":[25],"tags":[],"class_list":["post-5315","post","type-post","status-publish","format-standard","has-post-thumbnail","hentry","category-region"],"jetpack_sharing_enabled":true,"jetpack_featured_media_url":"https:\/\/guayoyo24.com\/website\/wp-content\/uploads\/2024\/06\/WhatsApp-Image-2024-06-24-at-11.45.20-AM.jpeg","_links":{"self":[{"href":"https:\/\/guayoyo24.com\/website\/wp-json\/wp\/v2\/posts\/5315","targetHints":{"allow":["GET"]}}],"collection":[{"href":"https:\/\/guayoyo24.com\/website\/wp-json\/wp\/v2\/posts"}],"about":[{"href":"https:\/\/guayoyo24.com\/website\/wp-json\/wp\/v2\/types\/post"}],"author":[{"embeddable":true,"href":"https:\/\/guayoyo24.com\/website\/wp-json\/wp\/v2\/users\/1"}],"replies":[{"embeddable":true,"href":"https:\/\/guayoyo24.com\/website\/wp-json\/wp\/v2\/comments?post=5315"}],"version-history":[{"count":1,"href":"https:\/\/guayoyo24.com\/website\/wp-json\/wp\/v2\/posts\/5315\/revisions"}],"predecessor-version":[{"id":5327,"href":"https:\/\/guayoyo24.com\/website\/wp-json\/wp\/v2\/posts\/5315\/revisions\/5327"}],"wp:featuredmedia":[{"embeddable":true,"href":"https:\/\/guayoyo24.com\/website\/wp-json\/wp\/v2\/media\/5306"}],"wp:attachment":[{"href":"https:\/\/guayoyo24.com\/website\/wp-json\/wp\/v2\/media?parent=5315"}],"wp:term":[{"taxonomy":"category","embeddable":true,"href":"https:\/\/guayoyo24.com\/website\/wp-json\/wp\/v2\/categories?post=5315"},{"taxonomy":"post_tag","embeddable":true,"href":"https:\/\/guayoyo24.com\/website\/wp-json\/wp\/v2\/tags?post=5315"}],"curies":[{"name":"wp","href":"https:\/\/api.w.org\/{rel}","templated":true}]}}