{"id":5397,"date":"2024-06-25T08:37:43","date_gmt":"2024-06-25T12:37:43","guid":{"rendered":"https:\/\/guayoyo24.com\/website\/?p=5397"},"modified":"2024-06-25T08:59:50","modified_gmt":"2024-06-25T12:59:50","slug":"papa-confirma-que-firmo-canonizacion-de-jose-gregorio-hernandez","status":"publish","type":"post","link":"https:\/\/guayoyo24.com\/website\/2024\/06\/25\/papa-confirma-que-firmo-canonizacion-de-jose-gregorio-hernandez\/","title":{"rendered":"Papa confirma que firm\u00f3 canonizaci\u00f3n de Jos\u00e9 Gregorio Hern\u00e1ndez"},"content":{"rendered":"<p>Tal como lo hab\u00eda adelantado el\u00a0<a href=\"https:\/\/ultimasnoticias.com.ve\/noticias\/general\/papa-francisco-confirmo-canonizacion-de-jose-gregorio-hernandez\/\" target=\"_blank\" rel=\"noopener\">presidente Nicol\u00e1s Maduro<\/a>, el Papa Francisco confirm\u00f3 que firm\u00f3 la canonizaci\u00f3n de Jos\u00e9 Gregorio Hern\u00e1ndez<\/p>\n<div id=\"ultim-5fc34c93affccbc59f8200ce9ba02239\" class=\"ultim-5fc34c93affccbc59f8200ce9ba02239 ultim-dentro-del-texto\">\n<div id=\"ultim-1044442698\" class=\"ultim-dentro-del-texto\" data-cfptl=\"1\">\n<div id=\"ultim-1462883003\" class=\"ultim-target\" data-ultim-trackid=\"2043006\" data-ultim-trackbid=\"1\" data-cfpw=\"2043006\">\n<p>&nbsp;<\/p>\n<div id=\"aswift_2_host\"><iframe id=\"aswift_2\" tabindex=\"0\" title=\"Advertisement\" src=\"https:\/\/pagead2.googlesyndication.com\/pagead\/ads?gdpr=1&amp;us_privacy=1---&amp;gdpr_consent=CP9hcQAP9hcQAEsACBESAxEgAAAAAEPgACogAAAOhQD2F2K2kKFkPCmQWYAQBCijYEAhQAAAAkCBIAAgAUgQAgFIIAgAIFAAAAAAAAAQEgCQAAQABAAAIACgAAAAAAIAAAAAAAQQAAAAAIAAAAAAAAEAAAAAAAQAAAAIAABEhCAAQQAEAAAAAAAQAAAAAAAAAAABAAA&amp;addtl_consent=2~~dv.2072.70.89.93.108.122.149.196.2253.2299.259.2357.311.313.323.2373.358.2415.415.449.2506.2526.486.494.495.2568.2571.2575.540.574.2624.609.2677.827.864.981.1029.1048.1051.1095.1097.1126.1205.1211.1276.1301.1365.1415.1423.1449.1570.1577.1598.1651.1716.1735.1753.1765.1870.1878.1889.1958&amp;gpp_sid=-1&amp;client=ca-pub-0679975395820445&amp;output=html&amp;h=250&amp;slotname=3799645521&amp;adk=571088124&amp;adf=2886769633&amp;pi=t.ma~as.3799645521&amp;w=300&amp;abgtt=7&amp;lmt=1719318388&amp;format=300x250&amp;url=https%3A%2F%2Fultimasnoticias.com.ve%2Fnoticias%2Fpolitica%2Fpapa-confirma-que-firmo-canonizacion-de-jose-gregorio-hernandez%2F&amp;host=ca-host-pub-2644536267352236&amp;wgl=1&amp;uach=WyJXaW5kb3dzIiwiMTAuMC4wIiwieDg2IiwiIiwiMTI2LjAuMjU5Mi42OCIsbnVsbCwwLG51bGwsIjY0IixbWyJOb3QvQSlCcmFuZCIsIjguMC4wLjAiXSxbIkNocm9taXVtIiwiMTI2LjAuNjQ3OC4xMTQiXSxbIk1pY3Jvc29mdCBFZGdlIiwiMTI2LjAuMjU5Mi42OCJdXSwwXQ..&amp;dt=1719318360354&amp;bpp=8&amp;bdt=5488&amp;idt=8&amp;shv=r20240618&amp;mjsv=m202406180101&amp;ptt=9&amp;saldr=aa&amp;abxe=1&amp;eo_id_str=ID%3De46755eb3b8a9eed%3AT%3D1713486166%3ART%3D1719318256%3AS%3DAA-AfjZ-EzJ4RpmQIqtzUWfXqu4T&amp;prev_fmts=0x0&amp;nras=1&amp;correlator=510003189824&amp;frm=20&amp;pv=2&amp;ga_vid=543424387.1713486160&amp;ga_sid=1719318357&amp;ga_hid=1522850782&amp;ga_fc=1&amp;u_tz=-240&amp;u_his=1&amp;u_h=864&amp;u_w=1536&amp;u_ah=824&amp;u_aw=1536&amp;u_cd=24&amp;u_sd=1.25&amp;dmc=8&amp;adx=202&amp;ady=1573&amp;biw=1473&amp;bih=716&amp;scr_x=0&amp;scr_y=0&amp;eid=44759876%2C44759927%2C44759837%2C95335477%2C31084688%2C95330276%2C95334509%2C95334524%2C95334570%2C95334580%2C95334830%2C95335897%2C31084764%2C95335292%2C31078663%2C31078668%2C31078670&amp;oid=2&amp;pvsid=718600749370207&amp;tmod=1865513676&amp;wsm=1&amp;uas=0&amp;nvt=1&amp;ref=https%3A%2F%2Fultimasnoticias.com.ve%2F&amp;fc=1920&amp;brdim=0%2C0%2C0%2C0%2C1536%2C0%2C1536%2C824%2C1488%2C716&amp;vis=1&amp;rsz=%7C%7CoeEbr%7C&amp;abl=CS&amp;pfx=0&amp;fu=0&amp;bc=31&amp;bz=1.03&amp;nt=1&amp;ifi=3&amp;uci=a!3&amp;btvi=1&amp;fsb=1&amp;dtd=28281\" name=\"aswift_2\" width=\"300\" height=\"0\" frameborder=\"0\" marginwidth=\"0\" marginheight=\"0\" scrolling=\"no\" sandbox=\"allow-forms allow-popups allow-popups-to-escape-sandbox allow-same-origin allow-scripts allow-top-navigation-by-user-activation\" data-google-container-id=\"a!3\" aria-label=\"Advertisement\" data-google-query-id=\"CKXzxY7g9oYDFeytOgUdAkMNmw\" data-load-complete=\"true\" data-cfpa=\"2043006\" data-mce-fragment=\"1\"><\/iframe><\/div>\n<p>&nbsp;<\/p>\n<\/div>\n<\/div>\n<\/div>\n<p>\u201cVoy a canonizar al m\u00e9dico (\u2026) no se cu\u00e1ndo, pero ya firm\u00e9\u201d, expresa el papa en un\u00a0<a href=\"https:\/\/twitter.com\/anarodriguez_b\/status\/1805430778857136217?ref_src=twsrc%5Etfw%7Ctwcamp%5Etweetembed%7Ctwterm%5E1805430778857136217%7Ctwgr%5Ee46002e30caa6772c4f219eb9b81c510ec3f6d4b%7Ctwcon%5Es1_c10&amp;ref_url=https%3A%2F%2Fultimasnoticias.com.ve%2Fwp-admin%2Fpost.php%3Fpost%3D2780995action%3Dedit\" target=\"_blank\" rel=\"noopener\">video\u00a0<\/a>divulgado en redes sociales este lunes.<\/p>\n<p>\u201cEs un pueblo muy maduro\u201d, dice el Papa en medio de una breve conversaci\u00f3n que sostuvo con dos venezolanos en Roma.<\/p>\n<p>Justamente este domingo el presidente Nicol\u00e1s Maduro revel\u00f3 que c\u00fapulas han conspirado para evitar que no se le diera el t\u00edtulo de Santo al doctor Jos\u00e9 Gregorio Hern\u00e1ndez.<\/p>\n<p>\u201cSolo le queda al doctor Jos\u00e9 Gregorio Hern\u00e1ndez recoger por Secretar\u00eda el t\u00edtulo, porque ya lo tiene desde hace 100 a\u00f1os. Aunque algunas c\u00fapulas han conspirado para que no se le d\u00e9 el t\u00edtulo\u201d.<\/p>\n<p>A\u00f1adi\u00f3 que \u201ctodos sabemos qu\u00e9 c\u00fapulas han conspirado para que Jos\u00e9 Gregorio Hern\u00e1ndez no tenga el t\u00edtulo de Santo desde hace mucho tiempo\u201d, destac\u00f3 el primer mandatario, quien agreg\u00f3 que \u201cafortunadamente su santidad, el papa Francisco, ama al doctor Jos\u00e9 Gregorio Hern\u00e1ndez y respalda al pueblo de Venezuela\u201d, afirm\u00f3.<\/p>\n<p>El jefe de Estado se\u00f1al\u00f3 que por \u201cprudencia vaticana debo guardar silencio\u201d, agregando que sabe mucho m\u00e1s.<\/p>\n","protected":false},"excerpt":{"rendered":"<p>Tal como lo hab\u00eda adelantado el\u00a0presidente Nicol\u00e1s Maduro, el Papa Francisco confirm\u00f3 que firm\u00f3 la canonizaci\u00f3n de Jos\u00e9 Gregorio Hern\u00e1ndez &nbsp; &nbsp; \u201cVoy a canonizar al m\u00e9dico (\u2026) no se cu\u00e1ndo, pero ya firm\u00e9\u201d, expresa el papa en un\u00a0video\u00a0divulgado en redes sociales este lunes. \u201cEs un pueblo muy maduro\u201d, dice el Papa en medio de &hellip;<\/p>\n","protected":false},"author":1,"featured_media":5408,"comment_status":"open","ping_status":"open","sticky":false,"template":"","format":"standard","meta":{"_eb_attr":"","_jetpack_memberships_contains_paid_content":false,"footnotes":""},"categories":[26],"tags":[],"class_list":["post-5397","post","type-post","status-publish","format-standard","has-post-thumbnail","hentry","category-nacionales"],"jetpack_sharing_enabled":true,"jetpack_featured_media_url":"https:\/\/guayoyo24.com\/website\/wp-content\/uploads\/2024\/06\/jose-gregorio-hernandez-1399.jpg","_links":{"self":[{"href":"https:\/\/guayoyo24.com\/website\/wp-json\/wp\/v2\/posts\/5397","targetHints":{"allow":["GET"]}}],"collection":[{"href":"https:\/\/guayoyo24.com\/website\/wp-json\/wp\/v2\/posts"}],"about":[{"href":"https:\/\/guayoyo24.com\/website\/wp-json\/wp\/v2\/types\/post"}],"author":[{"embeddable":true,"href":"https:\/\/guayoyo24.com\/website\/wp-json\/wp\/v2\/users\/1"}],"replies":[{"embeddable":true,"href":"https:\/\/guayoyo24.com\/website\/wp-json\/wp\/v2\/comments?post=5397"}],"version-history":[{"count":2,"href":"https:\/\/guayoyo24.com\/website\/wp-json\/wp\/v2\/posts\/5397\/revisions"}],"predecessor-version":[{"id":5410,"href":"https:\/\/guayoyo24.com\/website\/wp-json\/wp\/v2\/posts\/5397\/revisions\/5410"}],"wp:featuredmedia":[{"embeddable":true,"href":"https:\/\/guayoyo24.com\/website\/wp-json\/wp\/v2\/media\/5408"}],"wp:attachment":[{"href":"https:\/\/guayoyo24.com\/website\/wp-json\/wp\/v2\/media?parent=5397"}],"wp:term":[{"taxonomy":"category","embeddable":true,"href":"https:\/\/guayoyo24.com\/website\/wp-json\/wp\/v2\/categories?post=5397"},{"taxonomy":"post_tag","embeddable":true,"href":"https:\/\/guayoyo24.com\/website\/wp-json\/wp\/v2\/tags?post=5397"}],"curies":[{"name":"wp","href":"https:\/\/api.w.org\/{rel}","templated":true}]}}