{"id":6363,"date":"2024-07-12T16:30:51","date_gmt":"2024-07-12T20:30:51","guid":{"rendered":"https:\/\/guayoyo24.com\/website\/?p=6363"},"modified":"2024-07-13T20:16:01","modified_gmt":"2024-07-14T00:16:01","slug":"un-corazon-para-esteller-inicia-con-fiesta-del-agua-y-fiesta-de-la-luz","status":"publish","type":"post","link":"https:\/\/guayoyo24.com\/website\/2024\/07\/12\/un-corazon-para-esteller-inicia-con-fiesta-del-agua-y-fiesta-de-la-luz\/","title":{"rendered":"Un Coraz\u00f3n para Esteller inicia con Fiesta del Agua y Fiesta de la Luz"},"content":{"rendered":"<p>&nbsp;<\/p>\n<p>REDACCI\u00d3N GUAYOYO.-<\/p>\n<p>El gobernador de Portuguesa, Primitivo Cede\u00f1o junto a la alcaldesa Beury Rodr\u00edguez, hizo el lanzamiento del plan Un Coraz\u00f3n para Esteller con el anuncio de varias obras en materia de servicios p\u00fablicos.<\/p>\n<p>Cede\u00f1o indic\u00f3 que est\u00e1n haciendo entrega del equipamiento 100% para poner en funcionamientos los pozos de la parroquia Uveral de ese municipio productivo.<\/p>\n<p><img fetchpriority=\"high\" decoding=\"async\" class=\"alignnone size-full wp-image-6366\" src=\"https:\/\/guayoyo24.com\/website\/wp-content\/uploads\/2024\/07\/WhatsApp-Image-2024-07-12-at-5.37.16-PM.jpeg\" alt=\"\" width=\"1080\" height=\"719\" srcset=\"https:\/\/guayoyo24.com\/website\/wp-content\/uploads\/2024\/07\/WhatsApp-Image-2024-07-12-at-5.37.16-PM.jpeg 1080w, https:\/\/guayoyo24.com\/website\/wp-content\/uploads\/2024\/07\/WhatsApp-Image-2024-07-12-at-5.37.16-PM-300x200.jpeg 300w, https:\/\/guayoyo24.com\/website\/wp-content\/uploads\/2024\/07\/WhatsApp-Image-2024-07-12-at-5.37.16-PM-1024x682.jpeg 1024w, https:\/\/guayoyo24.com\/website\/wp-content\/uploads\/2024\/07\/WhatsApp-Image-2024-07-12-at-5.37.16-PM-768x511.jpeg 768w\" sizes=\"(max-width: 1080px) 100vw, 1080px\" \/><\/p>\n<p>\u201cLa revisi\u00f3n e instalaci\u00f3n de los equipos estar\u00e1 a cargo de HidrosPortuguesa junto a la Alcald\u00eda y as\u00ed, como lo prometimos, lo cumplimos, y mejorar el servicio de agua en esas comunidades rurales\u201d, acot\u00f3.<\/p>\n<p>Asimismo, aprob\u00f3 el 100% de la iluminaci\u00f3n LED a trav\u00e9s del plan Fiesta de la Luz y beneficiar a las 44 comunidades que tiene el municipio.<\/p>\n<p><img decoding=\"async\" class=\"alignnone size-full wp-image-6364\" src=\"https:\/\/guayoyo24.com\/website\/wp-content\/uploads\/2024\/07\/WhatsApp-Image-2024-07-12-at-5.37.17-PM.jpeg\" alt=\"\" width=\"1080\" height=\"719\" srcset=\"https:\/\/guayoyo24.com\/website\/wp-content\/uploads\/2024\/07\/WhatsApp-Image-2024-07-12-at-5.37.17-PM.jpeg 1080w, https:\/\/guayoyo24.com\/website\/wp-content\/uploads\/2024\/07\/WhatsApp-Image-2024-07-12-at-5.37.17-PM-300x200.jpeg 300w, https:\/\/guayoyo24.com\/website\/wp-content\/uploads\/2024\/07\/WhatsApp-Image-2024-07-12-at-5.37.17-PM-1024x682.jpeg 1024w, https:\/\/guayoyo24.com\/website\/wp-content\/uploads\/2024\/07\/WhatsApp-Image-2024-07-12-at-5.37.17-PM-768x511.jpeg 768w\" sizes=\"(max-width: 1080px) 100vw, 1080px\" \/><\/p>\n<p>Cede\u00f1o destac\u00f3 que a trav\u00e9s del plan Construye tu Casa, se tomar\u00e1 de modelo la comunidad Alfonso Bastianelly, donde el equipo de vivienda har\u00e1 la revisi\u00f3n y el respectivo aval\u00fao.<\/p>\n<p>\u201cHemos escuchado las necesidades m\u00e1s sentidas de nuestra gente y gracias a las pol\u00edticas del Presidente Nicol\u00e1s Maduro y trabajo en equipo Gobernaci\u00f3n y Alcald\u00eda se est\u00e1 dando respuesta y m\u00e1s beneficios a nuestra gente\u201d, dijo.<\/p>\n<p><img decoding=\"async\" class=\"alignnone size-full wp-image-6370\" src=\"https:\/\/guayoyo24.com\/website\/wp-content\/uploads\/2024\/07\/WhatsApp-Image-2024-07-12-at-5.37.16-PM-1-1.jpeg\" alt=\"\" width=\"1080\" height=\"719\" srcset=\"https:\/\/guayoyo24.com\/website\/wp-content\/uploads\/2024\/07\/WhatsApp-Image-2024-07-12-at-5.37.16-PM-1-1.jpeg 1080w, https:\/\/guayoyo24.com\/website\/wp-content\/uploads\/2024\/07\/WhatsApp-Image-2024-07-12-at-5.37.16-PM-1-1-300x200.jpeg 300w, https:\/\/guayoyo24.com\/website\/wp-content\/uploads\/2024\/07\/WhatsApp-Image-2024-07-12-at-5.37.16-PM-1-1-1024x682.jpeg 1024w, https:\/\/guayoyo24.com\/website\/wp-content\/uploads\/2024\/07\/WhatsApp-Image-2024-07-12-at-5.37.16-PM-1-1-768x511.jpeg 768w\" sizes=\"(max-width: 1080px) 100vw, 1080px\" \/><\/p>\n<p><img loading=\"lazy\" decoding=\"async\" class=\"alignnone size-full wp-image-6371\" src=\"https:\/\/guayoyo24.com\/website\/wp-content\/uploads\/2024\/07\/WhatsApp-Image-2024-07-12-at-5.37.17-PM-2.jpeg\" alt=\"\" width=\"1080\" height=\"719\" srcset=\"https:\/\/guayoyo24.com\/website\/wp-content\/uploads\/2024\/07\/WhatsApp-Image-2024-07-12-at-5.37.17-PM-2.jpeg 1080w, https:\/\/guayoyo24.com\/website\/wp-content\/uploads\/2024\/07\/WhatsApp-Image-2024-07-12-at-5.37.17-PM-2-300x200.jpeg 300w, https:\/\/guayoyo24.com\/website\/wp-content\/uploads\/2024\/07\/WhatsApp-Image-2024-07-12-at-5.37.17-PM-2-1024x682.jpeg 1024w, https:\/\/guayoyo24.com\/website\/wp-content\/uploads\/2024\/07\/WhatsApp-Image-2024-07-12-at-5.37.17-PM-2-768x511.jpeg 768w\" sizes=\"(max-width: 1080px) 100vw, 1080px\" \/><\/p>\n<p><img loading=\"lazy\" decoding=\"async\" class=\"alignnone size-full wp-image-6372\" src=\"https:\/\/guayoyo24.com\/website\/wp-content\/uploads\/2024\/07\/WhatsApp-Image-2024-07-12-at-5.37.17-PM-1.jpeg\" alt=\"\" width=\"1080\" height=\"719\" srcset=\"https:\/\/guayoyo24.com\/website\/wp-content\/uploads\/2024\/07\/WhatsApp-Image-2024-07-12-at-5.37.17-PM-1.jpeg 1080w, https:\/\/guayoyo24.com\/website\/wp-content\/uploads\/2024\/07\/WhatsApp-Image-2024-07-12-at-5.37.17-PM-1-300x200.jpeg 300w, https:\/\/guayoyo24.com\/website\/wp-content\/uploads\/2024\/07\/WhatsApp-Image-2024-07-12-at-5.37.17-PM-1-1024x682.jpeg 1024w, https:\/\/guayoyo24.com\/website\/wp-content\/uploads\/2024\/07\/WhatsApp-Image-2024-07-12-at-5.37.17-PM-1-768x511.jpeg 768w\" sizes=\"(max-width: 1080px) 100vw, 1080px\" \/><\/p>\n","protected":false},"excerpt":{"rendered":"<p>&nbsp; REDACCI\u00d3N GUAYOYO.- El gobernador de Portuguesa, Primitivo Cede\u00f1o junto a la alcaldesa Beury Rodr\u00edguez, hizo el lanzamiento del plan Un Coraz\u00f3n para Esteller con el anuncio de varias obras en materia de servicios p\u00fablicos. Cede\u00f1o indic\u00f3 que est\u00e1n haciendo entrega del equipamiento 100% para poner en funcionamientos los pozos de la parroquia Uveral de &hellip;<\/p>\n","protected":false},"author":1,"featured_media":6367,"comment_status":"open","ping_status":"open","sticky":false,"template":"","format":"standard","meta":{"_eb_attr":"","_jetpack_memberships_contains_paid_content":false,"footnotes":""},"categories":[25],"tags":[],"class_list":["post-6363","post","type-post","status-publish","format-standard","has-post-thumbnail","hentry","category-region"],"jetpack_sharing_enabled":true,"jetpack_featured_media_url":"https:\/\/guayoyo24.com\/website\/wp-content\/uploads\/2024\/07\/WhatsApp-Image-2024-07-12-at-5.37.11-PM.jpeg","_links":{"self":[{"href":"https:\/\/guayoyo24.com\/website\/wp-json\/wp\/v2\/posts\/6363","targetHints":{"allow":["GET"]}}],"collection":[{"href":"https:\/\/guayoyo24.com\/website\/wp-json\/wp\/v2\/posts"}],"about":[{"href":"https:\/\/guayoyo24.com\/website\/wp-json\/wp\/v2\/types\/post"}],"author":[{"embeddable":true,"href":"https:\/\/guayoyo24.com\/website\/wp-json\/wp\/v2\/users\/1"}],"replies":[{"embeddable":true,"href":"https:\/\/guayoyo24.com\/website\/wp-json\/wp\/v2\/comments?post=6363"}],"version-history":[{"count":1,"href":"https:\/\/guayoyo24.com\/website\/wp-json\/wp\/v2\/posts\/6363\/revisions"}],"predecessor-version":[{"id":6373,"href":"https:\/\/guayoyo24.com\/website\/wp-json\/wp\/v2\/posts\/6363\/revisions\/6373"}],"wp:featuredmedia":[{"embeddable":true,"href":"https:\/\/guayoyo24.com\/website\/wp-json\/wp\/v2\/media\/6367"}],"wp:attachment":[{"href":"https:\/\/guayoyo24.com\/website\/wp-json\/wp\/v2\/media?parent=6363"}],"wp:term":[{"taxonomy":"category","embeddable":true,"href":"https:\/\/guayoyo24.com\/website\/wp-json\/wp\/v2\/categories?post=6363"},{"taxonomy":"post_tag","embeddable":true,"href":"https:\/\/guayoyo24.com\/website\/wp-json\/wp\/v2\/tags?post=6363"}],"curies":[{"name":"wp","href":"https:\/\/api.w.org\/{rel}","templated":true}]}}