{"id":6897,"date":"2024-07-23T07:22:16","date_gmt":"2024-07-23T11:22:16","guid":{"rendered":"https:\/\/guayoyo24.com\/website\/?p=6897"},"modified":"2024-07-23T07:22:16","modified_gmt":"2024-07-23T11:22:16","slug":"academia-y-portuguesa-fc-estrenaron-directores-tecnicos-pero-igual-empataron-a-cero-goles","status":"publish","type":"post","link":"https:\/\/guayoyo24.com\/website\/2024\/07\/23\/academia-y-portuguesa-fc-estrenaron-directores-tecnicos-pero-igual-empataron-a-cero-goles\/","title":{"rendered":"Academia y Portuguesa FC estrenaron directores t\u00e9cnicos pero igual empataron a cero goles"},"content":{"rendered":"<p>&nbsp;<\/p>\n<p>&nbsp;<\/p>\n<p>Balonazos.-<\/p>\n<p>Academia de Puerto Cabello y Portuguesa FC estrenaron directores t\u00e9cnicos y no cambiaron mucho en su resultados.<\/p>\n<p>Igualaron a cero goles en el estadio La Bombonerita en Puerto Cabello por la fecha 2 del Torneo Clausura.<\/p>\n<p>Bladimir \u201cPomponio\u201d Morales en la Academia Puerto Cabello y Giancarlo Maldonado en Portuguesa FC se estrenaron como t\u00e9cnicos. El primero de manera interina y el segundo oficialmente luego que fueran acreditados.<\/p>\n<p>El encuentro fue muy disputado en toda la cancha, pero con pocas posibilidades de gol. Aunque hicieron cambios en las formaciones iniciales fueron poco efectivos. Al t\u00e9rmino de tiempo reglamentario el partido concluyo igualado a cero.<\/p>\n<p>Academia y Portuguesa FC a\u00fan no han podido ganar en el Torneo Clausura, ambos perdieron en la primera jornada. El cuadro porte\u00f1o en dos partidos no ha podido marcar goles peso a la contrataci\u00f3n de nuevos futbolistas ofensivos.<\/p>\n<p>En la Copa Rey de Marcas Copa Venezuela el Portuguesa FC se impuso por 4-2. Primera que logra el cuadro llanero en el Clausura y segunda derrota de los porte\u00f1os en la competencia.<\/p>\n","protected":false},"excerpt":{"rendered":"<p>&nbsp; &nbsp; Balonazos.- Academia de Puerto Cabello y Portuguesa FC estrenaron directores t\u00e9cnicos y no cambiaron mucho en su resultados. Igualaron a cero goles en el estadio La Bombonerita en Puerto Cabello por la fecha 2 del Torneo Clausura. Bladimir \u201cPomponio\u201d Morales en la Academia Puerto Cabello y Giancarlo Maldonado en Portuguesa FC se estrenaron &hellip;<\/p>\n","protected":false},"author":1,"featured_media":6898,"comment_status":"open","ping_status":"open","sticky":false,"template":"","format":"standard","meta":{"_eb_attr":"","_jetpack_memberships_contains_paid_content":false,"footnotes":""},"categories":[29],"tags":[],"class_list":["post-6897","post","type-post","status-publish","format-standard","has-post-thumbnail","hentry","category-deportes"],"jetpack_sharing_enabled":true,"jetpack_featured_media_url":"https:\/\/guayoyo24.com\/website\/wp-content\/uploads\/2024\/07\/WhatsApp-Image-2024-07-22-at-10.48.08-PM.jpeg","_links":{"self":[{"href":"https:\/\/guayoyo24.com\/website\/wp-json\/wp\/v2\/posts\/6897","targetHints":{"allow":["GET"]}}],"collection":[{"href":"https:\/\/guayoyo24.com\/website\/wp-json\/wp\/v2\/posts"}],"about":[{"href":"https:\/\/guayoyo24.com\/website\/wp-json\/wp\/v2\/types\/post"}],"author":[{"embeddable":true,"href":"https:\/\/guayoyo24.com\/website\/wp-json\/wp\/v2\/users\/1"}],"replies":[{"embeddable":true,"href":"https:\/\/guayoyo24.com\/website\/wp-json\/wp\/v2\/comments?post=6897"}],"version-history":[{"count":1,"href":"https:\/\/guayoyo24.com\/website\/wp-json\/wp\/v2\/posts\/6897\/revisions"}],"predecessor-version":[{"id":6899,"href":"https:\/\/guayoyo24.com\/website\/wp-json\/wp\/v2\/posts\/6897\/revisions\/6899"}],"wp:featuredmedia":[{"embeddable":true,"href":"https:\/\/guayoyo24.com\/website\/wp-json\/wp\/v2\/media\/6898"}],"wp:attachment":[{"href":"https:\/\/guayoyo24.com\/website\/wp-json\/wp\/v2\/media?parent=6897"}],"wp:term":[{"taxonomy":"category","embeddable":true,"href":"https:\/\/guayoyo24.com\/website\/wp-json\/wp\/v2\/categories?post=6897"},{"taxonomy":"post_tag","embeddable":true,"href":"https:\/\/guayoyo24.com\/website\/wp-json\/wp\/v2\/tags?post=6897"}],"curies":[{"name":"wp","href":"https:\/\/api.w.org\/{rel}","templated":true}]}}