{"id":7677,"date":"2024-08-09T13:28:28","date_gmt":"2024-08-09T17:28:28","guid":{"rendered":"https:\/\/guayoyo24.com\/website\/?p=7677"},"modified":"2024-08-10T09:51:03","modified_gmt":"2024-08-10T13:51:03","slug":"fiscal-saab-hemos-recopilado-180-videos-donde-se-corrobora-la-participacion-de-la-extrema-derecha-en-hechos-violentos","status":"publish","type":"post","link":"https:\/\/guayoyo24.com\/website\/2024\/08\/09\/fiscal-saab-hemos-recopilado-180-videos-donde-se-corrobora-la-participacion-de-la-extrema-derecha-en-hechos-violentos\/","title":{"rendered":"Fiscal Saab: \u201cHemos recopilado 180 videos donde se corrobora la participaci\u00f3n de la extrema derecha en hechos violentos\u201d"},"content":{"rendered":"<div>\n<p><b>El fiscal general de la Rep\u00fablica, Tarek William Saab<\/b>, fue el invitado especial del programa \u00abDesde Donde Sea\u00bb, conducido por el doctor en filosof\u00eda pol\u00edtica, Miguel P\u00e9rez Pirela y transmitido este jueves en todas las plataformas digitales.<\/p>\n<p>Durante la entrevista, el Fiscal dio como primicia que hasta el momento el Ministerio P\u00fablico ha recopilado 180 videos, que son experticias digitales de los hechos violentos que ocurrieron en el pa\u00eds horas despu\u00e9s de que el Consejo Nacional Electoral (CNE) emitiera el primer bolet\u00edn que daba como ganador al presidente Nicol\u00e1s Maduro en los comicios del 28 de julio.<\/p>\n<\/div>\n<div><\/div>\n<div>Este material audiovisual \u201cforma parte de los elementos de convicci\u00f3n que determinan que, efectivamente, la extrema derecha utiliz\u00f3 a grupos armados, delincuenciales, incluso los drog\u00f3, los enloqueci\u00f3, utilizaron menores de edad, eso es imperdonable\u201d, afirm\u00f3 el m\u00e1ximo representante del Ministerio P\u00fablico.<\/div>\n<p>Asimismo, mostr\u00f3 ante las c\u00e1maras del programa una carpeta con un informe detallado de cada uno de los fallecidos por las acciones violentas de grupos al margen de la ley posterior al 28 de julio.<\/p>\n<div>\n<p>Explic\u00f3, que \u201ccada documento est\u00e1 respaldado por las experticias forenses, la planimetr\u00eda, el luminol, los testigos de cada uno de estos hechos donde directamente est\u00e1n incriminados grupos violentos al margen de la ley\u201d.<\/p>\n<p>Saab indic\u00f3 que la oposici\u00f3n se vincul\u00f3 con diversos grupos violentos como los llamados GEDO o Grupo Estructurado de Delincuencia Organizada, \u201cdonde pudimos ver, eso fue espeluznante, t\u00fa sabes lo que es ver encapuchados armados con fusiles del Tren del Llano y del \u201cWilexis\u201d decir abiertamente que estaban apoyando al Edmundo Gonz\u00e1lez y que si no se respetaba su victoria, le iban a caer a plomo a la polic\u00eda\u201d.<\/p>\n<p>Entre los casos, mencion\u00f3 una escuela que fue destrozada completamente por seguidores de la oposici\u00f3n en Gu\u00e1rico, junto con estas bandas organizadas. Dicha instituci\u00f3n fue posteriormente recuperada por funcionarios de la Fuerza Armada Nacional Bolivariana (Fanb)<\/p>\n<\/div>\n<div><\/div>\n<div>Globovisi\u00f3n<\/div>\n","protected":false},"excerpt":{"rendered":"<p>El fiscal general de la Rep\u00fablica, Tarek William Saab, fue el invitado especial del programa \u00abDesde Donde Sea\u00bb, conducido por el doctor en filosof\u00eda pol\u00edtica, Miguel P\u00e9rez Pirela y transmitido este jueves en todas las plataformas digitales. Durante la entrevista, el Fiscal dio como primicia que hasta el momento el Ministerio P\u00fablico ha recopilado 180 &hellip;<\/p>\n","protected":false},"author":1,"featured_media":7678,"comment_status":"open","ping_status":"open","sticky":false,"template":"","format":"standard","meta":{"_eb_attr":"","_jetpack_memberships_contains_paid_content":false,"footnotes":""},"categories":[26],"tags":[],"class_list":["post-7677","post","type-post","status-publish","format-standard","has-post-thumbnail","hentry","category-nacionales"],"jetpack_sharing_enabled":true,"jetpack_featured_media_url":"https:\/\/guayoyo24.com\/website\/wp-content\/uploads\/2024\/08\/fiscal-tarek-la-extrema-derecha-convertiria-al-pais-en-gaza-23778.jpg","_links":{"self":[{"href":"https:\/\/guayoyo24.com\/website\/wp-json\/wp\/v2\/posts\/7677","targetHints":{"allow":["GET"]}}],"collection":[{"href":"https:\/\/guayoyo24.com\/website\/wp-json\/wp\/v2\/posts"}],"about":[{"href":"https:\/\/guayoyo24.com\/website\/wp-json\/wp\/v2\/types\/post"}],"author":[{"embeddable":true,"href":"https:\/\/guayoyo24.com\/website\/wp-json\/wp\/v2\/users\/1"}],"replies":[{"embeddable":true,"href":"https:\/\/guayoyo24.com\/website\/wp-json\/wp\/v2\/comments?post=7677"}],"version-history":[{"count":2,"href":"https:\/\/guayoyo24.com\/website\/wp-json\/wp\/v2\/posts\/7677\/revisions"}],"predecessor-version":[{"id":7706,"href":"https:\/\/guayoyo24.com\/website\/wp-json\/wp\/v2\/posts\/7677\/revisions\/7706"}],"wp:featuredmedia":[{"embeddable":true,"href":"https:\/\/guayoyo24.com\/website\/wp-json\/wp\/v2\/media\/7678"}],"wp:attachment":[{"href":"https:\/\/guayoyo24.com\/website\/wp-json\/wp\/v2\/media?parent=7677"}],"wp:term":[{"taxonomy":"category","embeddable":true,"href":"https:\/\/guayoyo24.com\/website\/wp-json\/wp\/v2\/categories?post=7677"},{"taxonomy":"post_tag","embeddable":true,"href":"https:\/\/guayoyo24.com\/website\/wp-json\/wp\/v2\/tags?post=7677"}],"curies":[{"name":"wp","href":"https:\/\/api.w.org\/{rel}","templated":true}]}}