{"id":8498,"date":"2024-08-26T13:37:39","date_gmt":"2024-08-26T17:37:39","guid":{"rendered":"https:\/\/guayoyo24.com\/website\/?p=8498"},"modified":"2024-08-26T13:37:39","modified_gmt":"2024-08-26T17:37:39","slug":"bolivia-y-brasil-organizan-acciones-para-sofocar-incendios-en-region-fronteriza","status":"publish","type":"post","link":"https:\/\/guayoyo24.com\/website\/2024\/08\/26\/bolivia-y-brasil-organizan-acciones-para-sofocar-incendios-en-region-fronteriza\/","title":{"rendered":"Bolivia y Brasil organizan acciones para sofocar incendios en regi\u00f3n fronteriza"},"content":{"rendered":"<p>Las autoridades de Bolivia y Brasil se reunir\u00e1n en la localidad brasile\u00f1a de Corumb\u00e1 este lunes, para organizar la intervenci\u00f3n en la zona fronteriza afectada por incendios forestales. En la reuni\u00f3n estar\u00e1 presente el viceministro de Defensa Civil, Juan Carlos Calvimontes, en nombre del Gobierno boliviano.<\/p>\n<p>En Bolivia, el territorio afectado es el \u00c1rea Natural de Manejo Integrado (ANMI), ubicado en el municipio de San Mat\u00edas, del departamento de Santa Cruz y otras zonas cercanas a la frontera con Brasil.<\/p>\n<p>Es por ello que el Gobierno boliviano estableci\u00f3 una alianza de respaldo global con Francia, China, Chile, Per\u00fa y otros pa\u00edses aliados, especialmente de Am\u00e9rica del Sur.<\/p>\n<p>En este sentido, las autoridades bolivianas activaron la coordinaci\u00f3n de apoyo internacional con Francia, China, Chile, Per\u00fa, este apoyo internacional se activar\u00e1 como parte de la reuni\u00f3n de cancilleres y ministros de Defensa que se realiz\u00f3 para proteger el patrimonio com\u00fan de la humanidad, que es la Amazonia. Los incendios forestales afectan a varios pa\u00edses de Sudam\u00e9rica y por ello es necesario activar la coordinaci\u00f3n interinstitucional y la cooperaci\u00f3n mutua.<\/p>\n<p>Fuente: Telesur<\/p>\n","protected":false},"excerpt":{"rendered":"<p>Las autoridades de Bolivia y Brasil se reunir\u00e1n en la localidad brasile\u00f1a de Corumb\u00e1 este lunes, para organizar la intervenci\u00f3n en la zona fronteriza afectada por incendios forestales. En la reuni\u00f3n estar\u00e1 presente el viceministro de Defensa Civil, Juan Carlos Calvimontes, en nombre del Gobierno boliviano. En Bolivia, el territorio afectado es el \u00c1rea Natural &hellip;<\/p>\n","protected":false},"author":1,"featured_media":8499,"comment_status":"open","ping_status":"open","sticky":false,"template":"","format":"standard","meta":{"_eb_attr":"","_jetpack_memberships_contains_paid_content":false,"footnotes":""},"categories":[28],"tags":[],"class_list":["post-8498","post","type-post","status-publish","format-standard","has-post-thumbnail","hentry","category-mundo"],"jetpack_sharing_enabled":true,"jetpack_featured_media_url":"https:\/\/guayoyo24.com\/website\/wp-content\/uploads\/2024\/08\/bolivia.jpg","_links":{"self":[{"href":"https:\/\/guayoyo24.com\/website\/wp-json\/wp\/v2\/posts\/8498","targetHints":{"allow":["GET"]}}],"collection":[{"href":"https:\/\/guayoyo24.com\/website\/wp-json\/wp\/v2\/posts"}],"about":[{"href":"https:\/\/guayoyo24.com\/website\/wp-json\/wp\/v2\/types\/post"}],"author":[{"embeddable":true,"href":"https:\/\/guayoyo24.com\/website\/wp-json\/wp\/v2\/users\/1"}],"replies":[{"embeddable":true,"href":"https:\/\/guayoyo24.com\/website\/wp-json\/wp\/v2\/comments?post=8498"}],"version-history":[{"count":1,"href":"https:\/\/guayoyo24.com\/website\/wp-json\/wp\/v2\/posts\/8498\/revisions"}],"predecessor-version":[{"id":8500,"href":"https:\/\/guayoyo24.com\/website\/wp-json\/wp\/v2\/posts\/8498\/revisions\/8500"}],"wp:featuredmedia":[{"embeddable":true,"href":"https:\/\/guayoyo24.com\/website\/wp-json\/wp\/v2\/media\/8499"}],"wp:attachment":[{"href":"https:\/\/guayoyo24.com\/website\/wp-json\/wp\/v2\/media?parent=8498"}],"wp:term":[{"taxonomy":"category","embeddable":true,"href":"https:\/\/guayoyo24.com\/website\/wp-json\/wp\/v2\/categories?post=8498"},{"taxonomy":"post_tag","embeddable":true,"href":"https:\/\/guayoyo24.com\/website\/wp-json\/wp\/v2\/tags?post=8498"}],"curies":[{"name":"wp","href":"https:\/\/api.w.org\/{rel}","templated":true}]}}