{"id":9565,"date":"2024-09-18T10:12:18","date_gmt":"2024-09-18T14:12:18","guid":{"rendered":"https:\/\/guayoyo24.com\/website\/?p=9565"},"modified":"2024-09-20T10:36:44","modified_gmt":"2024-09-20T14:36:44","slug":"gustavo-petro-cierra-el-proceso-de-dialogo-con-el-eln-luego-de-violento-ataque-en-colombia","status":"publish","type":"post","link":"https:\/\/guayoyo24.com\/website\/2024\/09\/18\/gustavo-petro-cierra-el-proceso-de-dialogo-con-el-eln-luego-de-violento-ataque-en-colombia\/","title":{"rendered":"Gustavo Petro cierra el proceso de di\u00e1logo con el ELN luego de violento ataque en Colombia"},"content":{"rendered":"<p><b>Caracas.-<\/b>Gustavo Petro, presidente de Colombia, culmin\u00f3 el proceso de di\u00e1logo con el Ej\u00e9rcito de Liberaci\u00f3n Nacional (ELN), luego del reciente ataque en la base militar de Puerto Jord\u00e1n, en el departamento de Arauca.<\/p>\n<p>Petro responsabiliz\u00f3 al ELN del incidente que dej\u00f3 dos muertos y 27 heridos \u201cesto, obviamente, es una acci\u00f3n que pr\u00e1cticamente cierra un proceso de paz con sangre\u201d, expres\u00f3 Petro despu\u00e9s de asegurar que cerr\u00f3 el di\u00e1logo con el ELN.<\/p>\n<p>El Ej\u00e9rcito de colombiano, asegur\u00f3 que \u201cel ELN es responsable del ataque debido a que tiene presencia en el territorio donde sucedieron los hechos violentos\u201d, inform\u00f3 Telesur.<\/p>\n<div class=\"ngb_box\">\n<div id=\"ngb_si1152\" class=\"ngb_ad ngb_si\" data-id=\"1152\" data-google-query-id=\"CJ7-wYXWzIgDFfuFywEdBi8Frg\">\n<div id=\"google_ads_iframe_\/21712171430\/box2_n_0__container__\">Asimismo, a trav\u00e9s de un comunicado, el grupo castrense dicen que \u00a0las tropas en el puesto de mando reaccionaron al ataque y capturaron a dos sujetos que al parecer se movilizaban en dos motocicletas.<\/div>\n<\/div>\n<\/div>\n","protected":false},"excerpt":{"rendered":"<p>Caracas.-Gustavo Petro, presidente de Colombia, culmin\u00f3 el proceso de di\u00e1logo con el Ej\u00e9rcito de Liberaci\u00f3n Nacional (ELN), luego del reciente ataque en la base militar de Puerto Jord\u00e1n, en el departamento de Arauca. Petro responsabiliz\u00f3 al ELN del incidente que dej\u00f3 dos muertos y 27 heridos \u201cesto, obviamente, es una acci\u00f3n que pr\u00e1cticamente cierra un &hellip;<\/p>\n","protected":false},"author":2,"featured_media":9566,"comment_status":"open","ping_status":"open","sticky":false,"template":"","format":"standard","meta":{"_eb_attr":"","_jetpack_memberships_contains_paid_content":false,"footnotes":""},"categories":[28],"tags":[],"class_list":["post-9565","post","type-post","status-publish","format-standard","has-post-thumbnail","hentry","category-mundo"],"jetpack_sharing_enabled":true,"jetpack_featured_media_url":"https:\/\/guayoyo24.com\/website\/wp-content\/uploads\/2024\/09\/Captura-de-pantalla-2024-09-18-101150.png","_links":{"self":[{"href":"https:\/\/guayoyo24.com\/website\/wp-json\/wp\/v2\/posts\/9565","targetHints":{"allow":["GET"]}}],"collection":[{"href":"https:\/\/guayoyo24.com\/website\/wp-json\/wp\/v2\/posts"}],"about":[{"href":"https:\/\/guayoyo24.com\/website\/wp-json\/wp\/v2\/types\/post"}],"author":[{"embeddable":true,"href":"https:\/\/guayoyo24.com\/website\/wp-json\/wp\/v2\/users\/2"}],"replies":[{"embeddable":true,"href":"https:\/\/guayoyo24.com\/website\/wp-json\/wp\/v2\/comments?post=9565"}],"version-history":[{"count":1,"href":"https:\/\/guayoyo24.com\/website\/wp-json\/wp\/v2\/posts\/9565\/revisions"}],"predecessor-version":[{"id":9567,"href":"https:\/\/guayoyo24.com\/website\/wp-json\/wp\/v2\/posts\/9565\/revisions\/9567"}],"wp:featuredmedia":[{"embeddable":true,"href":"https:\/\/guayoyo24.com\/website\/wp-json\/wp\/v2\/media\/9566"}],"wp:attachment":[{"href":"https:\/\/guayoyo24.com\/website\/wp-json\/wp\/v2\/media?parent=9565"}],"wp:term":[{"taxonomy":"category","embeddable":true,"href":"https:\/\/guayoyo24.com\/website\/wp-json\/wp\/v2\/categories?post=9565"},{"taxonomy":"post_tag","embeddable":true,"href":"https:\/\/guayoyo24.com\/website\/wp-json\/wp\/v2\/tags?post=9565"}],"curies":[{"name":"wp","href":"https:\/\/api.w.org\/{rel}","templated":true}]}}