{"id":9568,"date":"2024-09-18T10:13:54","date_gmt":"2024-09-18T14:13:54","guid":{"rendered":"https:\/\/guayoyo24.com\/website\/?p=9568"},"modified":"2024-09-20T10:36:38","modified_gmt":"2024-09-20T14:36:38","slug":"ataque-del-eln-un-soldado-en-estado-critico-y-3-mas-en-cirugia-entre-los-18-militares-trasladados-a-bogota","status":"publish","type":"post","link":"https:\/\/guayoyo24.com\/website\/2024\/09\/18\/ataque-del-eln-un-soldado-en-estado-critico-y-3-mas-en-cirugia-entre-los-18-militares-trasladados-a-bogota\/","title":{"rendered":"Ataque del ELN: un soldado en estado cr\u00edtico y 3 m\u00e1s en cirug\u00eda, entre los 18 militares trasladados a Bogot\u00e1"},"content":{"rendered":"<p>En el acci\u00f3n terrorista en contra de la base del corregimiento Puerto Jord\u00e1n (Arauca) murieron dos uniformados, mientras 25 m\u00e1s resultaron heridos. Los que requirieron atenci\u00f3n especializada fueron enviados a la sede central del Hospital Militar en la capital colombiana<\/p>\n<p>Ya se encuentran en Bogot\u00e1, en la sede central del Hospital Militar, los 18 militares que requirieron de atenci\u00f3n especializada, luego de resultar heridos en el ataque que perpetr\u00f3, en la ma\u00f1ana del martes 17 de septiembre, el grupo armado organizado ELN contra el puesto de mando del Batall\u00f3n de Artiller\u00eda de Campa\u00f1a N.\u00b0 18 del Ej\u00e9rcito que se encuentra en el corregimiento de Puerto Jord\u00e1n, en el occidente del departamento de Arauca y que dej\u00f3 el tr\u00e1gico saldo de dos uniformados muertos y 25 m\u00e1s afectados.<\/p>\n<p>\u201cSe recibieron 18 pacientes, de los cuales\u00a0<b>3 requirieron cirug\u00eda de emergencia, 1 fue trasladado a cuidados cr\u00edticos<\/b>\u00a0y los 14 restantes se encuentran en observaci\u00f3n estrecha y valoraci\u00f3n multidisciplinaria en urgencias, en condiciones estables\u201d, informaron en un comunicado.<\/p>\n","protected":false},"excerpt":{"rendered":"<p>En el acci\u00f3n terrorista en contra de la base del corregimiento Puerto Jord\u00e1n (Arauca) murieron dos uniformados, mientras 25 m\u00e1s resultaron heridos. Los que requirieron atenci\u00f3n especializada fueron enviados a la sede central del Hospital Militar en la capital colombiana Ya se encuentran en Bogot\u00e1, en la sede central del Hospital Militar, los 18 militares &hellip;<\/p>\n","protected":false},"author":2,"featured_media":9569,"comment_status":"open","ping_status":"open","sticky":false,"template":"","format":"standard","meta":{"_eb_attr":"","_jetpack_memberships_contains_paid_content":false,"footnotes":""},"categories":[28],"tags":[],"class_list":["post-9568","post","type-post","status-publish","format-standard","has-post-thumbnail","hentry","category-mundo"],"jetpack_sharing_enabled":true,"jetpack_featured_media_url":"https:\/\/guayoyo24.com\/website\/wp-content\/uploads\/2024\/09\/Captura-de-pantalla-2024-09-18-101328.png","_links":{"self":[{"href":"https:\/\/guayoyo24.com\/website\/wp-json\/wp\/v2\/posts\/9568","targetHints":{"allow":["GET"]}}],"collection":[{"href":"https:\/\/guayoyo24.com\/website\/wp-json\/wp\/v2\/posts"}],"about":[{"href":"https:\/\/guayoyo24.com\/website\/wp-json\/wp\/v2\/types\/post"}],"author":[{"embeddable":true,"href":"https:\/\/guayoyo24.com\/website\/wp-json\/wp\/v2\/users\/2"}],"replies":[{"embeddable":true,"href":"https:\/\/guayoyo24.com\/website\/wp-json\/wp\/v2\/comments?post=9568"}],"version-history":[{"count":1,"href":"https:\/\/guayoyo24.com\/website\/wp-json\/wp\/v2\/posts\/9568\/revisions"}],"predecessor-version":[{"id":9570,"href":"https:\/\/guayoyo24.com\/website\/wp-json\/wp\/v2\/posts\/9568\/revisions\/9570"}],"wp:featuredmedia":[{"embeddable":true,"href":"https:\/\/guayoyo24.com\/website\/wp-json\/wp\/v2\/media\/9569"}],"wp:attachment":[{"href":"https:\/\/guayoyo24.com\/website\/wp-json\/wp\/v2\/media?parent=9568"}],"wp:term":[{"taxonomy":"category","embeddable":true,"href":"https:\/\/guayoyo24.com\/website\/wp-json\/wp\/v2\/categories?post=9568"},{"taxonomy":"post_tag","embeddable":true,"href":"https:\/\/guayoyo24.com\/website\/wp-json\/wp\/v2\/tags?post=9568"}],"curies":[{"name":"wp","href":"https:\/\/api.w.org\/{rel}","templated":true}]}}